	  
{"id":5083,"date":"2026-01-26T05:00:00","date_gmt":"2026-01-26T04:00:00","guid":{"rendered":"https:\/\/kursy-rachunkowosci.pl\/blog\/?p=5083"},"modified":"2026-01-21T10:56:54","modified_gmt":"2026-01-21T09:56:54","slug":"kamper-w-firmie-czy-mozna-odliczyc-vat-w-100","status":"publish","type":"post","link":"https:\/\/kursy-rachunkowosci.pl\/blog\/kamper-w-firmie-czy-mozna-odliczyc-vat-w-100\/","title":{"rendered":"Kamper w firmie &#8211; czy mo\u017cna odliczy\u0107 VAT w 100%"},"content":{"rendered":"\n<p>Wyobra\u017a sobie przedsi\u0119biorc\u0119, kt\u00f3ry wpad\u0142 na \u015bwietny pomys\u0142 biznesowy. Chcia\u0142 kupi\u0107 kampera o dopuszczalnej masie ca\u0142kowitej powy\u017cej 3,5 tony i zarabia\u0107 na jego wynajmie innym firmom. Jednocze\u015bnie planowa\u0142, \u017ce w wolnych terminach b\u0119dzie korzysta\u0142 z niego razem z rodzin\u0105 na weekendowych wypadach. Po\u0142\u0105czenie przyjemnego z po\u017cytecznym \u2013 czemu nie?<\/p>\n\n\n\n<p>Przedsi\u0119biorca wiedzia\u0142, \u017ce jego pojazd nie podlega ograniczeniom w odliczaniu VAT, kt\u00f3re dotycz\u0105 samochod\u00f3w do 3,5 tony. Doszed\u0142 wi\u0119c do wniosku, \u017ce mo\u017ce odliczy\u0107 ca\u0142y VAT od zakupu i eksploatacji kampera, a ka\u017cde prywatne u\u017cycie po prostu opodatkuje. Brzmia\u0142o logicznie, ale&#8230; wola\u0142 si\u0119 upewni\u0107 i z\u0142o\u017cy\u0142 wniosek o interpretacj\u0119 indywidualn\u0105.<\/p>\n\n\n\n<p>Chcesz dowiedzie\u0107 si\u0119 jaka by\u0142a odpowied\u017a fiskusa? Zapraszam Ci\u0119 do wpisu na bloga w tym temacie przygotowanego przez Ani\u0119 Ma\u0142eck\u0105 &#8211; wieloletniego praktyka rachunkowo\u015bci.<\/p>\n\n\n\n<h3 class=\"wp-block-heading\"><strong>Zimny prysznic od fiskusa<\/strong><\/h3>\n\n\n\n<p>Odpowied\u017a Dyrektora Krajowej Informacji Skarbowej na wniosek o interpretacj\u0119 indywidualn\u0105 by\u0142a jak kube\u0142 zimnej wody. Organ stwierdzi\u0142, \u017ce skoro kamper b\u0119dzie s\u0142u\u017cy\u0142 zar\u00f3wno firmie, jak i prywatnym wyjazdom, to VAT mo\u017cna odliczy\u0107 tylko cz\u0119\u015bciowo \u2013 proporcjonalnie do tego, jak bardzo pojazd jest wykorzystywany w dzia\u0142alno\u015bci gospodarczej. Innymi s\u0142owy, trzeba by\u0142o wyliczy\u0107 jaki\u015b prewsp\u00f3\u0142czynnik i ograniczy\u0107 odliczenie VAT.<\/p>\n\n\n\n<p>Przedsi\u0119biorca nie da\u0142 za wygran\u0105 i poszed\u0142 do s\u0105du. I dobrze zrobi\u0142!<\/p>\n\n\n\n<h3 class=\"wp-block-heading\"><strong>S\u0105dy po stronie podatnika<\/strong><\/h3>\n\n\n\n<p>Zar\u00f3wno Wojew\u00f3dzki S\u0105d Administracyjny, jak i Naczelny S\u0105d Administracyjny uzna\u0142y, \u017ce organ podatkowy si\u0119 myli\u0142. NSA wyja\u015bni\u0142, jak naprawd\u0119 powinno dzia\u0142a\u0107 odliczanie VAT w takich sytuacjach.<\/p>\n\n\n\n<p>S\u0105d przypomnia\u0142, \u017ce co do zasady podatnik mo\u017ce odliczy\u0107 VAT w takim zakresie, w jakim towary i us\u0142ugi wykorzystuje do czynno\u015bci opodatkowanych. To jest podstawowa regu\u0142a. Nast\u0119pnie NSA zwr\u00f3ci\u0142 uwag\u0119 na przepis m\u00f3wi\u0105cy o u\u017cytku mieszanym \u2013 gdy co\u015b s\u0142u\u017cy zar\u00f3wno firmie, jak i celom prywatnym. W takiej sytuacji rzeczywi\u015bcie trzeba zastosowa\u0107 prewsp\u00f3\u0142czynnik i odliczy\u0107 VAT tylko cz\u0119\u015bciowo.<\/p>\n\n\n\n<p>Ale \u2013 i to jest kluczowe \u2013 tego przepisu o prewsp\u00f3\u0142czynniku nie stosuje si\u0119 wtedy, gdy prywatne u\u017cycie jest opodatkowane VAT! A przecie\u017c nasz przedsi\u0119biorca deklarowa\u0142, \u017ce b\u0119dzie opodatkowywa\u0142 ka\u017cdy prywatny wyjazd kamperem.<\/p>\n\n\n\n<p>NSA postawi\u0142 spraw\u0119 jasno: skoro podatnik b\u0119dzie p\u0142aci\u0142 VAT od prywatnego u\u017cytkowania kampera i jednocze\u015bnie b\u0119dzie go wykorzystywa\u0142 w dzia\u0142alno\u015bci opodatkowanej, to przys\u0142uguje mu prawo do pe\u0142nego odliczenia VAT od wszystkich wydatk\u00f3w zwi\u0105zanych z tym pojazdem. Punkt dla przedsi\u0119biorcy!<\/p>\n\n\n\n<h3 class=\"wp-block-heading\"><strong>Co to oznacza dla Twojej firmy?<\/strong><\/h3>\n\n\n\n<p>Je\u015bli prowadzisz dzia\u0142alno\u015b\u0107 (lub Tw\u00f3j klient takow\u0105 prowadzi) i my\u015blisz o zakupie pojazdu o dopuszczalnej masie ca\u0142kowitej powy\u017cej 3,5 tony \u2013 czy to kampera, busa, ci\u0119\u017car\u00f3wki czy innego pojazdu \u2013 kt\u00f3ry b\u0119dzie s\u0142u\u017cy\u0142 zar\u00f3wno firmie, jak i Tobie prywatnie, ten wyrok otwiera przed Tob\u0105 ciekaw\u0105 mo\u017cliwo\u015b\u0107.<\/p>\n\n\n\n<p>Po pierwsze, mo\u017cesz odliczy\u0107 100% VAT od zakupu takiego pojazdu. To samo dotyczy wszystkich koszt\u00f3w jego eksploatacji \u2013 paliwa, napraw, ubezpieczenia, przegl\u0105d\u00f3w. Nie musisz si\u0119 martwi\u0107 o \u017cadne prewsp\u00f3\u0142czynniki ani skomplikowane wyliczenia dotycz\u0105ce tego, w jakim stopniu pojazd s\u0142u\u017cy firmie, a w jakim Tobie osobi\u015bcie.<\/p>\n\n\n\n<p>Po drugie, musisz pami\u0119ta\u0107 o drugiej stronie medalu. Za ka\u017cdym razem, gdy u\u017cyjesz tego pojazdu prywatnie \u2013 na weekend z rodzin\u0105, wyjazd na dzia\u0142k\u0119 czy urlop \u2013 musisz potraktowa\u0107 to jako nieodp\u0142atne \u015bwiadczenie us\u0142ug i odprowadzi\u0107 od tego VAT. To zasada, kt\u00f3rej nie mo\u017cna pomin\u0105\u0107.<\/p>\n\n\n\n<h3 class=\"wp-block-heading\"><strong>Na co zwr\u00f3ci\u0107 uwag\u0119?<\/strong><\/h3>\n\n\n\n<p>Warto pami\u0119ta\u0107, \u017ce ten wyrok dotyczy konkretnej sytuacji \u2013 pojazdu o dopuszczalnej masie ca\u0142kowitej powy\u017cej 3,5 tony, kt\u00f3ry nie podlega ograniczeniom z artyku\u0142u 86a ustawy o VAT. Je\u015bli my\u015blisz o zwyk\u0142ym samochodzie osobowym czy dostawczym do 3,5 tony, zasady s\u0105 zupe\u0142nie inne \u2013 tam obowi\u0105zuj\u0105 sztywne limity odliczenia VAT (50% lub 100% w przypadku pojazd\u00f3w u\u017cywanych wy\u0142\u0105cznie w firmie).<\/p>\n\n\n\n<p>Kolejna kwestia to dokumentowanie prywatnego u\u017cycia. Skoro deklarujesz, \u017ce b\u0119dziesz opodatkowywa\u0142 ka\u017cde takie u\u017cycie, musisz to robi\u0107 rzetelnie. Warto prowadzi\u0107 ewidencj\u0119 przebiegu pojazdu, notowa\u0107 daty i cele wyjazd\u00f3w prywatnych oraz prawid\u0142owo rozlicza\u0107 VAT nale\u017cny od tych \u015bwiadcze\u0144.<\/p>\n\n\n\n<h3 class=\"wp-block-heading\"><strong>Czego nas uczy ten wyrok?<\/strong><\/h3>\n\n\n\n<p>Ta sprawa pokazuje, jak wa\u017cne jest rozumienie logiki przepis\u00f3w podatkowych. Organ podatkowy podszed\u0142 do sprawy schematycznie \u2013 zobaczy\u0142 u\u017cytek mieszany i od razu uzna\u0142, \u017ce trzeba stosowa\u0107 prewsp\u00f3\u0142czynnik. Tymczasem s\u0105dy spojrza\u0142y szerzej i zauwa\u017cy\u0142y, \u017ce przepisy przewiduj\u0105 inny mechanizm na takie sytuacje \u2013 opodatkowanie prywatnego u\u017cycia.<\/p>\n\n\n\n<p>To r\u00f3wnie\u017c dobry przyk\u0142ad na to, \u017ce warto walczy\u0107 o swoje racje. Przedsi\u0119biorca m\u00f3g\u0142 przyj\u0105\u0107 do wiadomo\u015bci negatywn\u0105 interpretacj\u0119 i zrezygnowa\u0107 z cz\u0119\u015bci odliczenia VAT. Zamiast tego zdecydowa\u0142 si\u0119 na sp\u00f3r z organem \u2013 i wygra\u0142, uzyskuj\u0105c potwierdzenie swojego stanowiska od najwy\u017cszej instancji s\u0105dowej w sprawach podatkowych.<\/p>\n\n\n\n<h3 class=\"wp-block-heading\"><strong>Podsumowanie<\/strong><\/h3>\n\n\n\n<p>Wyrok NSA o sygn. akt I FSK 105\/22 z 21 maja 2025 roku to istotne rozstrzygni\u0119cie dla wszystkich przedsi\u0119biorc\u00f3w, kt\u00f3rzy u\u017cywaj\u0105 lub planuj\u0105 u\u017cywa\u0107 pojazd\u00f3w powy\u017cej 3,5 tony zar\u00f3wno w firmie, jak i prywatnie. Potwierdza on, \u017ce pe\u0142ne odliczenie VAT jest mo\u017cliwe, o ile spe\u0142nimy warunek opodatkowania prywatnego u\u017cycia.<\/p>\n\n\n\n<p>Pami\u0119taj jednak, \u017ce ka\u017cda sytuacja wymaga indywidualnej analizy. Przepisy podatkowe potrafi\u0105 by\u0107 skomplikowane, a interpretacje organ\u00f3w nie zawsze id\u0105 w parze z orzecznictwem s\u0105d\u00f3w. Dlatego w razie w\u0105tpliwo\u015bci warto skonsultowa\u0107 si\u0119 z doradc\u0105 podatkowym lub \u2013 tak jak zrobi\u0142 to bohater naszej historii \u2013 wyst\u0105pi\u0107 o interpretacj\u0119 indywidualn\u0105. A je\u015bli interpretacja nie b\u0119dzie po Twojej my\u015bli, zawsze pozostaje droga s\u0105dowa.<\/p>\n\n\n\n<h2 class=\"wp-block-heading\"><strong>\ud83c\udf93 Chcesz krok po kroku opanowa\u0107 przepisy o&nbsp; VAT w dobie KSeF?<\/strong><\/h2>\n\n\n\n<p class=\"has-medium-font-size\">\ud83d\udce2 Do\u0142\u0105cz do naszego <a href=\"https:\/\/kursy-rachunkowosci.pl\/kursy\/podatek-vat-w-obrocie-krajowym\" target=\"_blank\" rel=\"noopener\" title=\"\">kursu Podatek VAT w obrocie krajowym<\/a>. Krok po kroku, prosto i skutecznie opanujesz przepisy o VAT w dobie KSeF u unikniesz b\u0142\u0119d\u00f3w.<\/p>\n\n\n\n<p class=\"has-medium-font-size\">W tym kursie nauczysz si\u0119:<\/p>\n\n\n\n<ul class=\"wp-block-list lista\">\n<li>kiedy powstaje obowi\u0105zek podatkowy,<\/li>\n\n\n\n<li>jak dzia\u0142a VAT nale\u017cny i naliczony,<\/li>\n\n\n\n<li>co podlega opodatkowaniu,<\/li>\n\n\n\n<li>jakie zwolnienia mo\u017cna stosowa\u0107,<\/li>\n\n\n\n<li>jak prowadzi\u0107 rejestry VAT i JPK,<\/li>\n\n\n\n<li>jak unika\u0107 b\u0142\u0119d\u00f3w i kiedy masz prawo do odliczenia VAT<\/li>\n\n\n\n<li>jak dokona\u0107 korekty rocznej VAT<\/li>\n\n\n\n<li>jak przygotowa\u0107 si\u0119 do KSEF z perspektywy ksi\u0119gowego<\/li>\n<\/ul>\n\n\n\n<p class=\"has-medium-font-size\">To praktyczna dawka wiedzy, kt\u00f3r\u0105 mo\u017cesz od razu wykorzysta\u0107 w codziennej pracy.<br>\ud83d\udc49 <a href=\"https:\/\/kursy-rachunkowosci.pl\/kursy\/podatek-vat-w-obrocie-krajowym\" target=\"_blank\" rel=\"noopener\" title=\"\">Sprawdzam szkolenie<\/a><\/p>\n\n\n\n<figure class=\"wp-block-image size-large\"><a href=\"https:\/\/kursy-rachunkowosci.pl\/kursy\/podatek-vat-w-obrocie-krajowym\" target=\"_blank\" rel=\" noreferrer noopener\"><img loading=\"lazy\" decoding=\"async\" width=\"1024\" height=\"405\" src=\"https:\/\/kursy-rachunkowosci.pl\/blog\/wp-content\/uploads\/2025\/12\/kurs-Podatek-VAT-w-obrocie-krajowym-1-1024x405.png\" alt=\"Kosze upominkowe VAT rozliczenie - kurs Podatek VAT w obrocie krajowym - MENTORIS\" class=\"wp-image-5068\" srcset=\"https:\/\/kursy-rachunkowosci.pl\/blog\/wp-content\/uploads\/2025\/12\/kurs-Podatek-VAT-w-obrocie-krajowym-1-1024x405.png 1024w, https:\/\/kursy-rachunkowosci.pl\/blog\/wp-content\/uploads\/2025\/12\/kurs-Podatek-VAT-w-obrocie-krajowym-1-300x119.png 300w, https:\/\/kursy-rachunkowosci.pl\/blog\/wp-content\/uploads\/2025\/12\/kurs-Podatek-VAT-w-obrocie-krajowym-1-768x304.png 768w, https:\/\/kursy-rachunkowosci.pl\/blog\/wp-content\/uploads\/2025\/12\/kurs-Podatek-VAT-w-obrocie-krajowym-1-610x241.png 610w, https:\/\/kursy-rachunkowosci.pl\/blog\/wp-content\/uploads\/2025\/12\/kurs-Podatek-VAT-w-obrocie-krajowym-1.png 1500w\" sizes=\"auto, (max-width: 1024px) 100vw, 1024px\" \/><\/a><\/figure>\n\n\n<div class=\"kk-star-ratings kksr-auto kksr-align-left kksr-valign-bottom\"\n    data-payload='{&quot;align&quot;:&quot;left&quot;,&quot;id&quot;:&quot;5083&quot;,&quot;slug&quot;:&quot;default&quot;,&quot;valign&quot;:&quot;bottom&quot;,&quot;ignore&quot;:&quot;&quot;,&quot;reference&quot;:&quot;auto&quot;,&quot;class&quot;:&quot;&quot;,&quot;count&quot;:&quot;1&quot;,&quot;legendonly&quot;:&quot;&quot;,&quot;readonly&quot;:&quot;&quot;,&quot;score&quot;:&quot;5&quot;,&quot;starsonly&quot;:&quot;&quot;,&quot;best&quot;:&quot;5&quot;,&quot;gap&quot;:&quot;5&quot;,&quot;greet&quot;:&quot;Rate this post&quot;,&quot;legend&quot;:&quot;5\\\/5 - (1 vote)&quot;,&quot;size&quot;:&quot;24&quot;,&quot;title&quot;:&quot;Kamper w firmie - czy mo\u017cna odliczy\u0107 VAT w 100%&quot;,&quot;width&quot;:&quot;142.5&quot;,&quot;_legend&quot;:&quot;{score}\\\/{best} - ({count} {votes})&quot;,&quot;font_factor&quot;:&quot;1.25&quot;}'>\n            \n<div class=\"kksr-stars\">\n    \n<div class=\"kksr-stars-inactive\">\n            <div class=\"kksr-star\" data-star=\"1\" style=\"padding-right: 5px\">\n            \n\n<div class=\"kksr-icon\" style=\"width: 24px; height: 24px;\"><\/div>\n        <\/div>\n            <div class=\"kksr-star\" data-star=\"2\" style=\"padding-right: 5px\">\n            \n\n<div class=\"kksr-icon\" style=\"width: 24px; height: 24px;\"><\/div>\n        <\/div>\n            <div class=\"kksr-star\" data-star=\"3\" style=\"padding-right: 5px\">\n            \n\n<div class=\"kksr-icon\" style=\"width: 24px; height: 24px;\"><\/div>\n        <\/div>\n            <div class=\"kksr-star\" data-star=\"4\" style=\"padding-right: 5px\">\n            \n\n<div class=\"kksr-icon\" style=\"width: 24px; height: 24px;\"><\/div>\n        <\/div>\n            <div class=\"kksr-star\" data-star=\"5\" style=\"padding-right: 5px\">\n            \n\n<div class=\"kksr-icon\" style=\"width: 24px; height: 24px;\"><\/div>\n        <\/div>\n    <\/div>\n    \n<div class=\"kksr-stars-active\" style=\"width: 142.5px;\">\n            <div class=\"kksr-star\" style=\"padding-right: 5px\">\n            \n\n<div class=\"kksr-icon\" style=\"width: 24px; height: 24px;\"><\/div>\n        <\/div>\n            <div class=\"kksr-star\" style=\"padding-right: 5px\">\n            \n\n<div class=\"kksr-icon\" style=\"width: 24px; height: 24px;\"><\/div>\n        <\/div>\n            <div class=\"kksr-star\" style=\"padding-right: 5px\">\n            \n\n<div class=\"kksr-icon\" style=\"width: 24px; height: 24px;\"><\/div>\n        <\/div>\n            <div class=\"kksr-star\" style=\"padding-right: 5px\">\n            \n\n<div class=\"kksr-icon\" style=\"width: 24px; height: 24px;\"><\/div>\n        <\/div>\n            <div class=\"kksr-star\" style=\"padding-right: 5px\">\n            \n\n<div class=\"kksr-icon\" style=\"width: 24px; height: 24px;\"><\/div>\n        <\/div>\n    <\/div>\n<\/div>\n                \n\n<div class=\"kksr-legend\" style=\"font-size: 19.2px;\">\n            5\/5 - (1 vote)    <\/div>\n    <\/div>\n","protected":false},"excerpt":{"rendered":"<p>Wyrok NSA: pe\u0142ne odliczenie 100% VAT od kampera i koszt\u00f3w eksploatacji jest mo\u017cliwe dla pojazd\u00f3w powy\u017cej 3,5t! Jak to zrobi\u0107 i o czym musisz pami\u0119ta\u0107.<\/p>\n","protected":false},"author":4,"featured_media":5084,"comment_status":"open","ping_status":"open","sticky":false,"template":"","format":"standard","meta":{"footnotes":""},"categories":[10],"tags":[68,245,67],"class_list":["post-5083","post","type-post","status-publish","format-standard","has-post-thumbnail","hentry","category-podatki","tag-podatek-vat","tag-podatki","tag-vat"],"aioseo_notices":[],"_links":{"self":[{"href":"https:\/\/kursy-rachunkowosci.pl\/blog\/wp-json\/wp\/v2\/posts\/5083","targetHints":{"allow":["GET"]}}],"collection":[{"href":"https:\/\/kursy-rachunkowosci.pl\/blog\/wp-json\/wp\/v2\/posts"}],"about":[{"href":"https:\/\/kursy-rachunkowosci.pl\/blog\/wp-json\/wp\/v2\/types\/post"}],"author":[{"embeddable":true,"href":"https:\/\/kursy-rachunkowosci.pl\/blog\/wp-json\/wp\/v2\/users\/4"}],"replies":[{"embeddable":true,"href":"https:\/\/kursy-rachunkowosci.pl\/blog\/wp-json\/wp\/v2\/comments?post=5083"}],"version-history":[{"count":12,"href":"https:\/\/kursy-rachunkowosci.pl\/blog\/wp-json\/wp\/v2\/posts\/5083\/revisions"}],"predecessor-version":[{"id":5213,"href":"https:\/\/kursy-rachunkowosci.pl\/blog\/wp-json\/wp\/v2\/posts\/5083\/revisions\/5213"}],"wp:featuredmedia":[{"embeddable":true,"href":"https:\/\/kursy-rachunkowosci.pl\/blog\/wp-json\/wp\/v2\/media\/5084"}],"wp:attachment":[{"href":"https:\/\/kursy-rachunkowosci.pl\/blog\/wp-json\/wp\/v2\/media?parent=5083"}],"wp:term":[{"taxonomy":"category","embeddable":true,"href":"https:\/\/kursy-rachunkowosci.pl\/blog\/wp-json\/wp\/v2\/categories?post=5083"},{"taxonomy":"post_tag","embeddable":true,"href":"https:\/\/kursy-rachunkowosci.pl\/blog\/wp-json\/wp\/v2\/tags?post=5083"}],"curies":[{"name":"wp","href":"https:\/\/api.w.org\/{rel}","templated":true}]}}