	  
{"id":5023,"date":"2026-03-10T11:40:25","date_gmt":"2026-03-10T10:40:25","guid":{"rendered":"https:\/\/kursy-rachunkowosci.pl\/blog\/?p=5023"},"modified":"2026-04-01T09:54:30","modified_gmt":"2026-04-01T07:54:30","slug":"ksef-a-vat-obowiazek-podatkowy-i-prawo-do-odliczenia-kluczowe-zmiany","status":"publish","type":"post","link":"https:\/\/kursy-rachunkowosci.pl\/blog\/ksef-a-vat-obowiazek-podatkowy-i-prawo-do-odliczenia-kluczowe-zmiany\/","title":{"rendered":"KSeF a VAT: Obowi\u0105zek podatkowy i prawo do odliczenia \u2013 kluczowe zmiany."},"content":{"rendered":"\n<p>Wraz z wej\u015bciem obowi\u0105zkowego <strong>Krajowego Systemu e-Faktur (KSeF)<\/strong> od 1 lutego 2026 r. zmieni\u0142 si\u0119 nie tylko spos\u00f3b <strong>wystawiania i otrzymywania faktur<\/strong>, ale r\u00f3wnie\u017c to, <strong>kiedy powstaje obowi\u0105zek podatkowy<\/strong> i <strong>prawo do odliczenia VAT<\/strong>.<\/p>\n\n\n\n<p>Cho\u0107 dzi\u015b wi\u0119kszo\u015b\u0107 ksi\u0119gowych skupia si\u0119 na procedurach technicznych i integracji z KSeF, warto pami\u0119ta\u0107, \u017ce system wprowadza tak\u017ce <strong>konkretne zmiany w rozliczeniach<\/strong>.<br>KSeF to nie tylko nowy kana\u0142 komunikacji z urz\u0119dem \u2013 to <strong>cyfrowa precyzja w obiegu faktur<\/strong>, kt\u00f3ra ko\u0144czy er\u0119 domys\u0142\u00f3w, \u201eczy faktura ju\u017c dotar\u0142a\u201d i wprowadza jednolite zasady, kt\u00f3re ka\u017cdy ksi\u0119gowy powinien zna\u0107. Zapraszam Ci\u0119 do wpisu, gdzie rozk\u0142adam na czynniki pierwsze ten temat.<\/p>\n\n\n\n<div style=\"height:0px\" aria-hidden=\"true\" class=\"wp-block-spacer\"><\/div>\n\n\n\n<hr class=\"wp-block-separator has-alpha-channel-opacity\"\/>\n\n\n\n<div style=\"height:20px\" aria-hidden=\"true\" class=\"wp-block-spacer\"><\/div>\n\n\n\n<h3 class=\"wp-block-heading\">Jak jest teraz \u2013 kr\u00f3tkie przypomnienie<\/h3>\n\n\n\n<p>Dzi\u015b podstawowe zasady s\u0105 proste:<\/p>\n\n\n\n<ul class=\"wp-block-list lista\">\n<li><strong>Obowi\u0105zek podatkowy<\/strong> powstaje w momencie dokonania dostawy towaru lub wykonania us\u0142ugi.<br><\/li>\n\n\n\n<li>W przypadkach wymienionych w art. 19a ust. 3 i 4 ustawy o VAT \u2013 z dat\u0105 wystawienia faktury.<br><\/li>\n\n\n\n<li><strong>Prawo do odliczenia VAT<\/strong> przys\u0142uguje w okresie, w kt\u00f3rym nabywca <strong>otrzyma\u0142 faktur\u0119<\/strong>, pod warunkiem \u017ce u sprzedawcy powsta\u0142 obowi\u0105zek podatkowy.<br><\/li>\n<\/ul>\n\n\n\n<p>I te przepisy nie ulegaj\u0105 zmianie. Jednak przy ich ustalaniu kluczowe znaczenie maj\u0105 dwa s\u0142owa: <strong>\u201ewystawienie\u201d<\/strong> i <strong>\u201eotrzymanie\u201d<\/strong> \u2013 to one definiuj\u0105 moment rozliczenia VAT.<br>Od lutego 2026 roku znaczenie tych poj\u0119\u0107 zmieni si\u0119 przez KSeF.<\/p>\n\n\n\n<div style=\"height:20px\" aria-hidden=\"true\" class=\"wp-block-spacer\"><\/div>\n\n\n\n<h3 class=\"wp-block-heading\"><strong>KSeF a moment powstania obowi\u0105zku podatkowego<\/strong><\/h3>\n\n\n\n<p>Od 1 lutego 2026 r. szczeg\u00f3ln\u0105 uwag\u0119 trzeba zwraca\u0107 na sytuacje, w kt\u00f3rych <strong>data wystawienia faktury<\/strong> decyduje o momencie powstania obowi\u0105zku podatkowego (np. przy \u015bwiadczeniu <strong>sta\u0142ej obs\u0142ugi prawnej<\/strong>, najmu, dystrybucji energii elektrycznej \u2013 art. 19a ust. 3 i 4 ustawy o VAT).<\/p>\n\n\n\n<p>To w\u0142a\u015bnie <strong>spos\u00f3b wystawienia faktury w KSeF<\/strong> \u2013 czyli tryb, w jakim dokument trafi do systemu \u2013 zadecyduje o tym, jak\u0105 dat\u0119 uznamy za moment wystawienia i moment powstania obowi\u0105zku podatkowego.<\/p>\n\n\n\n<div style=\"height:20px\" aria-hidden=\"true\" class=\"wp-block-spacer\"><\/div>\n\n\n\n<h4 class=\"wp-block-heading\"><strong>Tryb online \u2013 standardowy<\/strong><\/h4>\n\n\n\n<p>Faktura w tym trybie jest przesy\u0142ana do KSeF <strong>w czasie rzeczywistym<\/strong>.<br>\ud83d\udcc5 <strong>Moment wystawienia faktury<\/strong> to <strong>dzie\u0144 jej przes\u0142ania do systemu <\/strong>(a nie dzie\u0144 nadania numeru KSeF).<\/p>\n\n\n\n<p><strong>Przyk\u0142ad:<br><\/strong>Podatnik wystawi\u0142 faktur\u0119 za <strong>sta\u0142\u0105 obs\u0142ug\u0119 prawn\u0105<\/strong> 28 lutego o 23:50 i wys\u0142a\u0142 j\u0105 do KSeF.<br>System nada\u0142 numer KSeF 1 marca o 00:05.<br>\u27a1\ufe0f Dat\u0105 wystawienia i powstania obowi\u0105zku podatkowego w tym wypadku jest <strong>28 lutego<\/strong>.<\/p>\n\n\n\n<div style=\"height:20px\" aria-hidden=\"true\" class=\"wp-block-spacer\"><\/div>\n\n\n\n<h4 class=\"wp-block-heading\"><strong>Tryb offline24<\/strong><\/h4>\n\n\n\n<p>Podatnik mo\u017ce wystawi\u0107 faktur\u0119 lokalnie w swoim programie ksi\u0119gowym (zgodnym ze struktur\u0105 KSeF) i przes\u0142a\u0107 j\u0105 do systemu <strong>w ci\u0105gu 24 godzin<\/strong>.<br>\ud83d\udccc <strong>Dat\u0105 wystawienia<\/strong> jest data z pola <strong>P_1<\/strong> \u2013 ta, kt\u00f3ra widnieje na fakturze.<\/p>\n\n\n\n<p><strong>Przyk\u0142ad:<br><\/strong>Podatnik \u015bwiadcz\u0105cy <strong>sta\u0142\u0105 obs\u0142ug\u0119 prawn\u0105<\/strong> wystawi\u0142 faktur\u0119 w strukturze KSeF 28 lutego, a do systemu przes\u0142a\u0142 j\u0105 1 marca.<br>\u27a1\ufe0f Dat\u0105 wystawienia i momentem powstania obowi\u0105zku podatkowego jest <strong>28 lutego<\/strong>.<\/p>\n\n\n\n<div style=\"height:20px\" aria-hidden=\"true\" class=\"wp-block-spacer\"><\/div>\n\n\n\n<h4 class=\"wp-block-heading\"><strong>Tryb \u201eniedost\u0119pno\u015b\u0107 KSeF\u201d<\/strong><\/h4>\n\n\n\n<p>Je\u015bli Ministerstwo Finans\u00f3w og\u0142osi <strong>niedost\u0119pno\u015b\u0107 systemu<\/strong>, podatnik mo\u017ce wystawia\u0107 faktury lokalnie w&nbsp; odpowiedniej strukturze logicznej i przes\u0142a\u0107 je do KSeF <strong>najp\u00f3\u017aniej nast\u0119pnego dnia roboczego po zako\u0144czeniu niedost\u0119pno\u015bci<\/strong>.<br>\ud83d\udcc5 Dat\u0105 wystawienia jest r\u00f3wnie\u017c data z pola P_1.<\/p>\n\n\n\n<p><strong>Przyk\u0142ad:<br><\/strong>Niedost\u0119pno\u015b\u0107 trwa\u0142a od 28.02 (4:00) do 01.03 (22:00).<br>Podatnik \u015bwiadcz\u0105cy <strong>sta\u0142\u0105 obs\u0142ug\u0119 prawn\u0105<\/strong> wystawi\u0142 faktur\u0119 28.02, a przes\u0142a\u0142 j\u0105 do KSeF 02.03.<br>\u27a1\ufe0f Dat\u0105 wystawienia i momentem obowi\u0105zku podatkowego jest <strong>28 lutego<\/strong>.<\/p>\n\n\n\n<div style=\"height:20px\" aria-hidden=\"true\" class=\"wp-block-spacer\"><\/div>\n\n\n\n<h4 class=\"wp-block-heading\"><strong>Tryb awaryjny (art. 106nf ustawy o VAT)<\/strong><\/h4>\n\n\n\n<p>W przypadku og\u0142oszonej przez MF <strong>awarii systemu<\/strong> podatnik mo\u017ce wystawia\u0107 faktury poza KSeF (w strukturze logicznej KSeF), a nast\u0119pnie przes\u0142a\u0107 je do systemu <strong>w ci\u0105gu 7 dni roboczych po zako\u0144czeniu awarii<\/strong>.<br>\ud83d\udccc Dat\u0105 wystawienia pozostaje data z pola P_1.<\/p>\n\n\n\n<p><strong>Przyk\u0142ad:<br><\/strong>Awaria KSeF trwa\u0142a od 28.02 do 04.03.<br>Podatnik \u015bwiadcz\u0105cy <strong>sta\u0142\u0105 obs\u0142ug\u0119 prawn\u0105<\/strong> wystawi\u0142 faktur\u0119 28.02 i przes\u0142a\u0142 j\u0105 do KSeF 10.03.<br>\u27a1\ufe0f Dat\u0105 wystawienia i momentem obowi\u0105zku podatkowego jest <strong>28 lutego<\/strong>.<\/p>\n\n\n\n<div style=\"height:20px\" aria-hidden=\"true\" class=\"wp-block-spacer\"><\/div>\n\n\n\n<h4 class=\"wp-block-heading\"><strong>Tryb awarii ca\u0142kowitej (art. 106ng ustawy o VAT)<\/strong><\/h4>\n\n\n\n<p>To rozwi\u0105zanie na wyj\u0105tkowe sytuacje, np. awari\u0119 infrastruktury pa\u0144stwowej.<br>Podatnik wystawia wtedy faktury <strong>poza KSeF<\/strong> \u2013 papierowo lub elektronicznie.<br>\ud83d\udcc5 Dat\u0105 wystawienia jest data podana na fakturze.<\/p>\n\n\n\n<div style=\"height:20px\" aria-hidden=\"true\" class=\"wp-block-spacer\"><\/div>\n\n\n\n<h3 class=\"wp-block-heading\"><strong>KSeF a prawo do odliczenia VAT<\/strong><\/h3>\n\n\n\n<p>KSeF wp\u0142ywa nie tylko na moment wystawienia, ale te\u017c <strong>na moment otrzymania faktury przez nabywc\u0119<\/strong>, a wi\u0119c na <strong>prawo do odliczenia VAT<\/strong>.<\/p>\n\n\n\n<p>Od 1 lutego 2026 r. faktur\u0119 ustrukturyzowan\u0105 uznaje si\u0119 za <strong>otrzyman\u0105<\/strong> w dniu, w kt\u00f3rym system KSeF <strong>nada jej numer identyfikacyjny<\/strong>.<\/p>\n\n\n\n<p>Innymi s\u0142owy:<br>\ud83d\udcc5 <strong>Data nadania numeru KSeF = data otrzymania faktury ( w wi\u0119kszo\u015bci tryb\u00f3w, wyj\u0105tkiem jest tryb awarii lub awarii ca\u0142kowitej).<\/strong><\/p>\n\n\n\n<p>To w\u0142a\u015bnie ta data decyduje, kiedy nabywca mo\u017ce odliczy\u0107 VAT \u2013 oczywi\u015bcie pod warunkiem, \u017ce u sprzedawcy powsta\u0142 ju\u017c obowi\u0105zek podatkowy.&nbsp;<\/p>\n\n\n\n<p>I tu zn\u00f3w nale\u017ca\u0142oby przeanalizowa\u0107 ka\u017cdy przypadek indywidualnie, bo jaki widzieli\u015bmy powy\u017cej obowi\u0105zek podatkowy u sprzedawcy mo\u017ce by\u0107 uzale\u017cniony od trybu wystawienia faktury w KSeF.<\/p>\n\n\n\n<div style=\"height:20px\" aria-hidden=\"true\" class=\"wp-block-spacer\"><\/div>\n\n\n\n<h3 class=\"wp-block-heading\"><strong>Uwaga na pozosta\u0142e kwestie<\/strong><\/h3>\n\n\n\n<p>Zmiana definicji daty \u201ewystawienia\u201d i \u201eotrzymania\u201d faktury ma wp\u0142yw nie tylko na faktury pierwotne, ale te\u017c na <strong>faktury koryguj\u0105ce<\/strong>. Dodatkowo np. data wystawienia mo\u017ce wp\u0142ywa\u0107 na uj\u0119cie przychodu na gruncie CIT\/PIT.<\/p>\n\n\n\n<p><br>R\u00f3wnocze\u015bnie musimy pami\u0119ta\u0107, \u017ce w obiegu wci\u0105\u017c funkcjonuj\u0105:<\/p>\n\n\n\n<ul class=\"wp-block-list lista\">\n<li>faktury papierowe i elektroniczne wystawiane przez podmioty, kt\u00f3rych KSeF jeszcze nie obowi\u0105zuje (art. 106ga ust. 2),<br><\/li>\n\n\n\n<li>faktury wystawione w KSeF, ale udost\u0119pniane nabywcom <strong>poza systemem<\/strong> \u2013 np. konsumentom czy kontrahentom zagranicznym (art. 106gb ust. 4).<br><\/li>\n<\/ul>\n\n\n\n<p>W ka\u017cdym z tych przypadk\u00f3w daty wystawienia i otrzymania s\u0105 inne i wa\u017cne by poprawnie je ustali\u0107 bo do tego zale\u017cy czy rozliczenie VAT, ale tak\u017ce CIT\/PIT b\u0119dzie zgodne&nbsp; z przepisami.<\/p>\n\n\n\n<div style=\"height:20px\" aria-hidden=\"true\" class=\"wp-block-spacer\"><\/div>\n\n\n\n<h3 class=\"wp-block-heading\"><strong>Dlaczego to rewolucja dla ksi\u0119gowych?<\/strong><\/h3>\n\n\n\n<p>KSeF dla ksi\u0119gowych oznacza przede wszystkim:<br>\u2705 <strong>zmiany w obiegu dokument\u00f3w<\/strong>,<br>\u2705 <strong>zmiany w sposobie ujmowania faktur,<\/strong><br>\u2705 <strong>nowe \u017ar\u00f3d\u0142o danych \u2013 system KSeF zamiast klienta<\/strong> <br>\u2705 <strong>nowe oznaczenia w JPK_V7.<\/strong><\/p>\n\n\n\n<p>To wymaga nowego podej\u015bcia do organizacji pracy i&nbsp; komunikacji z klientami.<\/p>\n\n\n\n<div style=\"height:20px\" aria-hidden=\"true\" class=\"wp-block-spacer\"><\/div>\n\n\n\n<hr class=\"wp-block-separator has-alpha-channel-opacity\"\/>\n\n\n\n<div style=\"height:20px\" aria-hidden=\"true\" class=\"wp-block-spacer\"><\/div>\n\n\n\n<h2 class=\"wp-block-heading\"><strong>\ud83c\udf93 Chcesz krok po kroku opanowa\u0107 przepisy o&nbsp;VAT w dobie KSeF?<\/strong><\/h2>\n\n\n\n<p class=\"has-medium-font-size\">VAT w kontek\u015bcie KSeF.<\/p>\n\n\n\n<p>Obowi\u0105zkowy KSeF nadaje nam, ksi\u0119gowym nowe obowi\u0105zki. Jak im sprosta\u0107?<\/p>\n\n\n\n<p class=\"has-medium-font-size\">Zapraszam Ci\u0119 na szkolenie online: <strong>\u201eJak opanowa\u0107 VAT i unikn\u0105\u0107 b\u0142\u0119d\u00f3w w dobie KSeF\u201d<\/strong><\/p>\n\n\n\n<p class=\"has-medium-font-size\">Podczas szkolenia poka\u017c\u0119 Ci krok po kroku, jak:<br>\u2705 zrozumie\u0107 i uporz\u0105dkowa\u0107 obowi\u0105zek podatkowy VAT,<br>\u2705 poprawnie ustala\u0107 moment odliczenia VAT,<br>\u2705 ujmowa\u0107 faktury koryguj\u0105ce w nowym modelu KSeF,<br>\u2705 przygotowa\u0107 si\u0119 do obowi\u0105zkowego KSeF i zmian w raportowaniu.<\/p>\n\n\n\n<h3 class=\"wp-block-heading\">To praktyczna dawka wiedzy, kt\u00f3r\u0105 mo\u017cesz od razu wykorzysta\u0107 w codziennej pracy.<br>\ud83d\udc49 <a href=\"https:\/\/lp.kursy-rachunkowosci.pl\/jak-opanowac-vat\/\" title=\"\"><strong>Odbierz natychmiastowy dost\u0119p do szkolenia \u201eJak opanowa\u0107 VAT i unikn\u0105\u0107 b\u0142\u0119d\u00f3w w dobie KSeF\u201d<\/strong><\/a><\/h3>\n\n\n\n<div style=\"height:20px\" aria-hidden=\"true\" class=\"wp-block-spacer\"><\/div>\n\n\n\n<figure class=\"wp-block-image size-large\"><a href=\"https:\/\/kursy-rachunkowosci.pl\/webinary\/jak-opanowac-vat-i-nie-popelniac-bledow-w-dobie-ksef\" target=\"_blank\" rel=\" noreferrer noopener\"><img loading=\"lazy\" decoding=\"async\" width=\"1024\" height=\"405\" src=\"https:\/\/kursy-rachunkowosci.pl\/blog\/wp-content\/uploads\/2026\/01\/KSeF-a-VAT-nagranie-szkolenia-1-1024x405.png\" alt=\"\" class=\"wp-image-5169\" srcset=\"https:\/\/kursy-rachunkowosci.pl\/blog\/wp-content\/uploads\/2026\/01\/KSeF-a-VAT-nagranie-szkolenia-1-1024x405.png 1024w, https:\/\/kursy-rachunkowosci.pl\/blog\/wp-content\/uploads\/2026\/01\/KSeF-a-VAT-nagranie-szkolenia-1-300x119.png 300w, https:\/\/kursy-rachunkowosci.pl\/blog\/wp-content\/uploads\/2026\/01\/KSeF-a-VAT-nagranie-szkolenia-1-768x304.png 768w, https:\/\/kursy-rachunkowosci.pl\/blog\/wp-content\/uploads\/2026\/01\/KSeF-a-VAT-nagranie-szkolenia-1-610x241.png 610w, https:\/\/kursy-rachunkowosci.pl\/blog\/wp-content\/uploads\/2026\/01\/KSeF-a-VAT-nagranie-szkolenia-1.png 1500w\" sizes=\"auto, (max-width: 1024px) 100vw, 1024px\" \/><\/a><\/figure>\n\n\n<div class=\"kk-star-ratings kksr-auto kksr-align-left kksr-valign-bottom\"\n    data-payload='{&quot;align&quot;:&quot;left&quot;,&quot;id&quot;:&quot;5023&quot;,&quot;slug&quot;:&quot;default&quot;,&quot;valign&quot;:&quot;bottom&quot;,&quot;ignore&quot;:&quot;&quot;,&quot;reference&quot;:&quot;auto&quot;,&quot;class&quot;:&quot;&quot;,&quot;count&quot;:&quot;27&quot;,&quot;legendonly&quot;:&quot;&quot;,&quot;readonly&quot;:&quot;&quot;,&quot;score&quot;:&quot;3.4&quot;,&quot;starsonly&quot;:&quot;&quot;,&quot;best&quot;:&quot;5&quot;,&quot;gap&quot;:&quot;5&quot;,&quot;greet&quot;:&quot;Rate this post&quot;,&quot;legend&quot;:&quot;3.4\\\/5 - (27 votes)&quot;,&quot;size&quot;:&quot;24&quot;,&quot;title&quot;:&quot;KSeF a VAT: Obowi\u0105zek podatkowy i prawo do odliczenia \u2013 kluczowe zmiany.&quot;,&quot;width&quot;:&quot;96.1&quot;,&quot;_legend&quot;:&quot;{score}\\\/{best} - ({count} {votes})&quot;,&quot;font_factor&quot;:&quot;1.25&quot;}'>\n            \n<div class=\"kksr-stars\">\n    \n<div class=\"kksr-stars-inactive\">\n            <div class=\"kksr-star\" data-star=\"1\" style=\"padding-right: 5px\">\n            \n\n<div class=\"kksr-icon\" style=\"width: 24px; height: 24px;\"><\/div>\n        <\/div>\n            <div class=\"kksr-star\" data-star=\"2\" style=\"padding-right: 5px\">\n            \n\n<div class=\"kksr-icon\" style=\"width: 24px; height: 24px;\"><\/div>\n        <\/div>\n            <div class=\"kksr-star\" data-star=\"3\" style=\"padding-right: 5px\">\n            \n\n<div class=\"kksr-icon\" style=\"width: 24px; height: 24px;\"><\/div>\n        <\/div>\n            <div class=\"kksr-star\" data-star=\"4\" style=\"padding-right: 5px\">\n            \n\n<div class=\"kksr-icon\" style=\"width: 24px; height: 24px;\"><\/div>\n        <\/div>\n            <div class=\"kksr-star\" data-star=\"5\" style=\"padding-right: 5px\">\n            \n\n<div class=\"kksr-icon\" style=\"width: 24px; height: 24px;\"><\/div>\n        <\/div>\n    <\/div>\n    \n<div class=\"kksr-stars-active\" style=\"width: 96.1px;\">\n            <div class=\"kksr-star\" style=\"padding-right: 5px\">\n            \n\n<div class=\"kksr-icon\" style=\"width: 24px; height: 24px;\"><\/div>\n        <\/div>\n            <div class=\"kksr-star\" style=\"padding-right: 5px\">\n            \n\n<div class=\"kksr-icon\" style=\"width: 24px; height: 24px;\"><\/div>\n        <\/div>\n            <div class=\"kksr-star\" style=\"padding-right: 5px\">\n            \n\n<div class=\"kksr-icon\" style=\"width: 24px; height: 24px;\"><\/div>\n        <\/div>\n            <div class=\"kksr-star\" style=\"padding-right: 5px\">\n            \n\n<div class=\"kksr-icon\" style=\"width: 24px; height: 24px;\"><\/div>\n        <\/div>\n            <div class=\"kksr-star\" style=\"padding-right: 5px\">\n            \n\n<div class=\"kksr-icon\" style=\"width: 24px; height: 24px;\"><\/div>\n        <\/div>\n    <\/div>\n<\/div>\n                \n\n<div class=\"kksr-legend\" style=\"font-size: 19.2px;\">\n            3.4\/5 - (27 votes)    <\/div>\n    <\/div>\n","protected":false},"excerpt":{"rendered":"<p>KSeF rewolucjonizuje VAT. Zobacz, jak wej\u015bcie systemu zmienia obowi\u0105zek podatkowy i prawo do odliczenia VAT. Poznaj 5 tryb\u00f3w wystawiania e-faktur!<\/p>\n","protected":false},"author":4,"featured_media":5030,"comment_status":"open","ping_status":"open","sticky":false,"template":"","format":"standard","meta":{"footnotes":""},"categories":[10],"tags":[194,67],"class_list":["post-5023","post","type-post","status-publish","format-standard","has-post-thumbnail","hentry","category-podatki","tag-ksef","tag-vat"],"aioseo_notices":[],"_links":{"self":[{"href":"https:\/\/kursy-rachunkowosci.pl\/blog\/wp-json\/wp\/v2\/posts\/5023","targetHints":{"allow":["GET"]}}],"collection":[{"href":"https:\/\/kursy-rachunkowosci.pl\/blog\/wp-json\/wp\/v2\/posts"}],"about":[{"href":"https:\/\/kursy-rachunkowosci.pl\/blog\/wp-json\/wp\/v2\/types\/post"}],"author":[{"embeddable":true,"href":"https:\/\/kursy-rachunkowosci.pl\/blog\/wp-json\/wp\/v2\/users\/4"}],"replies":[{"embeddable":true,"href":"https:\/\/kursy-rachunkowosci.pl\/blog\/wp-json\/wp\/v2\/comments?post=5023"}],"version-history":[{"count":21,"href":"https:\/\/kursy-rachunkowosci.pl\/blog\/wp-json\/wp\/v2\/posts\/5023\/revisions"}],"predecessor-version":[{"id":5431,"href":"https:\/\/kursy-rachunkowosci.pl\/blog\/wp-json\/wp\/v2\/posts\/5023\/revisions\/5431"}],"wp:featuredmedia":[{"embeddable":true,"href":"https:\/\/kursy-rachunkowosci.pl\/blog\/wp-json\/wp\/v2\/media\/5030"}],"wp:attachment":[{"href":"https:\/\/kursy-rachunkowosci.pl\/blog\/wp-json\/wp\/v2\/media?parent=5023"}],"wp:term":[{"taxonomy":"category","embeddable":true,"href":"https:\/\/kursy-rachunkowosci.pl\/blog\/wp-json\/wp\/v2\/categories?post=5023"},{"taxonomy":"post_tag","embeddable":true,"href":"https:\/\/kursy-rachunkowosci.pl\/blog\/wp-json\/wp\/v2\/tags?post=5023"}],"curies":[{"name":"wp","href":"https:\/\/api.w.org\/{rel}","templated":true}]}}