	  
{"id":4828,"date":"2025-10-13T05:00:00","date_gmt":"2025-10-13T03:00:00","guid":{"rendered":"https:\/\/kursy-rachunkowosci.pl\/blog\/?p=4828"},"modified":"2025-09-18T07:40:20","modified_gmt":"2025-09-18T05:40:20","slug":"czy-sesja-zdjeciowa-zarzadu-stanowi-kup","status":"publish","type":"post","link":"https:\/\/kursy-rachunkowosci.pl\/blog\/czy-sesja-zdjeciowa-zarzadu-stanowi-kup\/","title":{"rendered":"Czy sesja zdj\u0119ciowa zarz\u0105du stanowi KUP?"},"content":{"rendered":"\n<p>W dzisiejszych czasach wizerunek firmy to podstawa. Profesjonalne zdj\u0119cia zarz\u0105du na stronie internetowej, w materia\u0142ach promocyjnych czy prezentacjach dla inwestor\u00f3w sta\u0142y si\u0119 standardem. Jednak gdy przychodzi czas na rozliczenie podatkowe, wielu przedsi\u0119biorc\u00f3w zastanawia si\u0119: czy mo\u017cna zaliczy\u0107 koszty takiej sesji fotograficznej do koszt\u00f3w uzyskania przychod\u00f3w?<\/p>\n\n\n\n<p>Odpowied\u017a brzmi: to zale\u017cy. I cho\u0107 mo\u017ce wydawa\u0107 si\u0119 to frustruj\u0105ce, prawo podatkowe rzadko kiedy oferuje proste rozwi\u0105zania. W przypadku sesji zdj\u0119ciowej zarz\u0105du wszystko sprowadza si\u0119 do jednego fundamentalnego pytania: czy robimy to dla biznesu, czy dla presti\u017cu?<\/p>\n\n\n\n<p>Serdecznie zapraszam do artyku\u0142u przygotowanego przez Ann\u0119 Ma\u0142eck\u0105, wieloletniego praktyka rachunkowo\u015bci, kt\u00f3ry rzuci troch\u0119 \u015bwiat\u0142a na ten temat.<\/p>\n\n\n\n<hr class=\"wp-block-separator has-alpha-channel-opacity\"\/>\n\n\n\n<div style=\"height:20px\" aria-hidden=\"true\" class=\"wp-block-spacer\"><\/div>\n\n\n\n<h3 class=\"wp-block-heading\"><strong>Kiedy aparat fotograficzny spotyka prawo podatkowe<\/strong><\/h3>\n\n\n\n<div style=\"height:20px\" aria-hidden=\"true\" class=\"wp-block-spacer\"><\/div>\n\n\n\n<p>Zgodnie z ustaw\u0105 o podatku dochodowym od os\u00f3b prawnych, kosztami uzyskania przychod\u00f3w s\u0105 te wydatki, kt\u00f3re ponosimy w celu osi\u0105gni\u0119cia przychod\u00f3w lub zachowania albo zabezpieczenia \u017ar\u00f3d\u0142a tych przychod\u00f3w (art. 15 ust.1 ustawy o pdop). Problem w tym, \u017ce prawo podatkowe ma r\u00f3wnie\u017c sw\u00f3j &#8220;czarny katalog&#8221; (art. 16 ust.1 ustawy o pdop) \u2013 list\u0119 wydatk\u00f3w, kt\u00f3rych pod \u017cadnym pozorem nie mo\u017cna zaliczy\u0107 do koszt\u00f3w.<\/p>\n\n\n\n<p>Na tej li\u015bcie znajduj\u0105 si\u0119 koszty reprezentacji \u2013 dzia\u0142ania zmierzaj\u0105ce do kszta\u0142towania pozytywnego wizerunku firmy, cz\u0119sto charakteryzuj\u0105ce si\u0119 okaza\u0142o\u015bci\u0105 i wystawno\u015bci\u0105. Brzmi znajomo? Dok\u0142adnie \u2013 sesja zdj\u0119ciowa zarz\u0105du mo\u017ce \u0142atwo wpa\u015b\u0107 w t\u0119 kategori\u0119.<\/p>\n\n\n\n<p>Ale nie wszystko stracone. Istnieje r\u00f3wnie\u017c druga kategoria \u2013 reklama. I tu sprawy staj\u0105 si\u0119 bardziej obiecuj\u0105ce.<\/p>\n\n\n\n<div style=\"height:20px\" aria-hidden=\"true\" class=\"wp-block-spacer\"><\/div>\n\n\n\n<h3 class=\"wp-block-heading\"><strong>Historia dw\u00f3ch sp\u00f3\u0142ek \u2013<\/strong> <strong>jak interpretacje pokazuj\u0105 drog\u0119<\/strong><\/h3>\n\n\n\n<div style=\"height:20px\" aria-hidden=\"true\" class=\"wp-block-spacer\"><\/div>\n\n\n\n<p>Najlepiej obrazuj\u0105 to rzeczywiste przypadki. Pierwszy dotyczy sp\u00f3\u0142ki, kt\u00f3ra ponios\u0142a szereg wydatk\u00f3w zwi\u0105zanych z dzia\u0142alno\u015bci\u0105 Public Relations i Public Affaris w bardzo specyficznej bran\u017cy, jak\u0105 jest produkcja i dystrybucja sprz\u0119tu medycznego, a tak\u017ce jego naprawa i konserwacja (Interpretacja indywidulana o sygn. IPPB3\/423-1024\/08-2\/I\u015a).&nbsp;<\/p>\n\n\n\n<p>Organ podatkowy podszed\u0142 pragmatycznie. Stwierdzi\u0142, \u017ce skoro wydatki s\u0142u\u017c\u0105 zwi\u0119kszeniu \u015bwiadomo\u015bci spo\u0142ecznej na tematy zwi\u0105zane ze zdrowiem, to maj\u0105 one na celu zwi\u0119kszenie przychod\u00f3w i pozyskanie nowych klient\u00f3w. Stanowi\u0105 &#8220;\u015bwiadome, celowe, planowe narz\u0119dzie s\u0142u\u017c\u0105ce kreowaniu pozytywnego wizerunku&#8221;. Kluczowe by\u0142o to, \u017ce ten wizerunek mia\u0142 konkretny cel biznesowy \u2013 zwi\u0119kszenie sprzeda\u017cy.<\/p>\n\n\n\n<p>Drugi przypadek to sp\u00f3\u0142ka organizuj\u0105ca imprez\u0119 z okazji 10-lecia. Tu wyniki by\u0142y mieszane. Organy pozytywnie oceni\u0142y wydatki na sesj\u0119 fotograficzn\u0105 wykorzystan\u0105 do cel\u00f3w promocyjnych (zdj\u0119cia zosta\u0142y u\u017cyte w sklepach), ale ju\u017c sama impreza zosta\u0142a zakwalifikowana jako reprezentacja (Interpretacja indywidualna o sygn. ILPB3\/423-206\/07-2\/MC z dnia 1 lutego 2008 r.). Dlaczego? Bo jej g\u0142\u00f3wnym celem by\u0142o stworzenie ekskluzywnego wizerunku, a nie konkretna promocja produkt\u00f3w.<\/p>\n\n\n\n<div style=\"height:20px\" aria-hidden=\"true\" class=\"wp-block-spacer\"><\/div>\n\n\n\n<h3 class=\"wp-block-heading\"><strong>Cienka linia mi\u0119dzy biznesem a presti\u017cem<\/strong><\/h3>\n\n\n\n<div style=\"height:20px\" aria-hidden=\"true\" class=\"wp-block-spacer\"><\/div>\n\n\n\n<p>Tu dotykamy sedna sprawy. R\u00f3\u017cnica mi\u0119dzy reklam\u0105 a reprezentacj\u0105 sprowadza si\u0119 do pytania: po co to robimy? Je\u015bli sesja ma zaprezentowa\u0107 zesp\u00f3\u0142 kierowniczy w kontek\u015bcie biznesowym \u2013 w sekcji &#8220;O nas&#8221; na stronie internetowej, materia\u0142ach dla inwestor\u00f3w czy prezentacjach produkt\u00f3w \u2013 mamy reklam\u0119. Zdj\u0119cia s\u0142u\u017c\u0105 budowaniu zaufania, prezentacji profesjonalizmu, a tak\u017ce zwi\u0119kszeniu wiarygodno\u015bci.<\/p>\n\n\n\n<p>Ale je\u015bli g\u0142\u00f3wnym celem jest stworzenie ekskluzywnego, presti\u017cowego wizerunku cz\u0142onk\u00f3w zarz\u0105du czy zaimponowanie otoczeniu \u2013 mamy reprezentacj\u0119. I nie ma znaczenia, jak bardzo staramy si\u0119 to uzasadni\u0107 potrzebami biznesowymi.<\/p>\n\n\n\n<p>Organy podatkowe s\u0105 coraz bardziej skrupulatne. Nie wystarczy powiedzie\u0107 &#8220;to dla firmy&#8221;. Trzeba konkretnie wykaza\u0107, w jaki spos\u00f3b sesja przyczyni si\u0119 do osi\u0105gni\u0119cia przychod\u00f3w.<\/p>\n\n\n\n<div style=\"height:20px\" aria-hidden=\"true\" class=\"wp-block-spacer\"><\/div>\n\n\n\n<h3 class=\"wp-block-heading\"><strong>Jak to robi\u0107 m\u0105drze<\/strong><\/h3>\n\n\n\n<div style=\"height:20px\" aria-hidden=\"true\" class=\"wp-block-spacer\"><\/div>\n\n\n\n<p>Je\u015bli chcemy zaliczy\u0107 sesj\u0119 do koszt\u00f3w, musimy dzia\u0142a\u0107 strategicznie. Po pierwsze, przed zleceniem warto przygotowa\u0107 plan wykorzystania zdj\u0119\u0107. Gdzie b\u0119d\u0105 publikowane? W jakich materia\u0142ach? Jak b\u0119d\u0105 s\u0142u\u017cy\u0107 promocji firmy?<\/p>\n\n\n\n<p>Po drugie \u2013 dokumentacja to podstawa. Umowa z fotografem powinna szczeg\u00f3\u0142owo opisywa\u0107 zakres us\u0142ug. Warto przygotowa\u0107 sprawozdanie z realizacji i dokumentacj\u0119 pokazuj\u0105c\u0105 wykorzystanie zdj\u0119\u0107 \u2013 screenshoty ze strony, materia\u0142y marketingowe, prezentacje.<\/p>\n\n\n\n<p>Po trzecie, racjonalno\u015b\u0107. Sesja za 50 tysi\u0119cy z\u0142otych dla ma\u0142ej firmy b\u0119dzie trudna do uzasadnienia. Koszty musz\u0105 by\u0107 proporcjonalne do skali dzia\u0142alno\u015bci i spodziewanych korzy\u015bci.<\/p>\n\n\n\n<div style=\"height:20px\" aria-hidden=\"true\" class=\"wp-block-spacer\"><\/div>\n\n\n\n<h3 class=\"wp-block-heading\"><strong>Kiedy nie warto ryzykowa\u0107<\/strong><\/h3>\n\n\n\n<div style=\"height:20px\" aria-hidden=\"true\" class=\"wp-block-spacer\"><\/div>\n\n\n\n<p>S\u0105 sytuacje, w kt\u00f3rych zaliczenie sesji do koszt\u00f3w jest praktycznie niemo\u017cliwe. Stanie si\u0119 tak, gdy sesja ma wyra\u017anie osobisty charakter, dominuje element ekskluzywno\u015bci i presti\u017cu, albo brak jest jakiegokolwiek uzasadnienia biznesowego, np. sesja firmy produkcyjnej z zak\u0142adem w Polsce wykonana na Malediwach.<\/p>\n\n\n\n<p>Pami\u0119tajmy te\u017c, \u017ce cz\u0142onkowie zarz\u0105du to szczeg\u00f3lna kategoria os\u00f3b w firmie \u2013 ka\u017cdy wydatek na ich rzecz jest pod lup\u0105 organ\u00f3w podatkowych. Je\u015bli sesja mo\u017ce by\u0107 interpretowana jako jednostronne \u015bwiadczenie na ich rzecz, prawdopodobnie zostanie zakwalifikowana jako reprezentacja.<\/p>\n\n\n\n<div style=\"height:20px\" aria-hidden=\"true\" class=\"wp-block-spacer\"><\/div>\n\n\n\n<h3 class=\"wp-block-heading\"><strong>Przysz\u0142o\u015b\u0107 nale\u017cy do m\u0105drych<\/strong><\/h3>\n\n\n\n<div style=\"height:20px\" aria-hidden=\"true\" class=\"wp-block-spacer\"><\/div>\n\n\n\n<p>W dobie rozwoju marketingu cyfrowego sesje zdj\u0119ciowe zarz\u0105du staj\u0105 si\u0119 powszechne. Organy podatkowe r\u00f3wnie\u017c ewoluuj\u0105 i lepiej rozumiej\u0105 realia wsp\u00f3\u0142czesnego biznesu. Kluczem do sukcesu jest uczciwo\u015b\u0107 wobec samego siebie: czy naprawd\u0119 robimy to dla firmy, czy dla presti\u017cu?<\/p>\n\n\n\n<p>Je\u015bli odpowied\u017a brzmi &#8220;dla firmy&#8221; i jeste\u015bmy w stanie to udowodni\u0107 \u2013 planami wykorzystania, dokumentacj\u0105, racjonaln\u0105 kalkulacj\u0105 \u2013 mamy du\u017ce szanse na uznanie wydatku za koszt. Je\u015bli g\u0142\u00f3wnym motywem jest presti\u017c, lepiej by\u0107 przygotowanym na to, \u017ce fiskus mo\u017ce mie\u0107 inne zdanie.<\/p>\n\n\n\n<p>Jak pokazuj\u0105 interpretacje, nie ma rzeczy niemo\u017cliwych \u2013 ale s\u0105 rzeczy wymagaj\u0105ce m\u0105drego podej\u015bcia i solidnego przygotowania. A w \u015bwiecie podatk\u00f3w diabe\u0142 tkwi w szczeg\u00f3\u0142ach.<\/p>\n\n\n\n<div style=\"height:20px\" aria-hidden=\"true\" class=\"wp-block-spacer\"><\/div>\n\n\n\n<p><strong>\u0179r\u00f3d\u0142a:<\/strong><\/p>\n\n\n\n<p><em>1. Ustawa z dnia 15 lutego 1992 r. o podatku dochodowym od os\u00f3b prawnych (art. 15 ust. 1, art. 16 ust. 1 pkt 28)<\/em><\/p>\n\n\n\n<p><em>2. Interpretacja og\u00f3lna Ministra Finans\u00f3w z dnia 25 listopada 2013 r., nr DD6\/033\/127\/SOH\/2013\/RD-120521<\/em><\/p>\n\n\n\n<p><em>3. Interpretacja indywidulana o sygn. IPPB3\/423-1024\/08-2\/I\u015a z dnia 13 pa\u017adziernika 2008 r.<\/em><\/p>\n\n\n\n<p><em>4. Interpretacja indywidulana o sygn. ILPB3\/423-206\/07-2\/MC z dnia 1 lutego 2008 r.<\/em><\/p>\n\n\n\n<div style=\"height:40px\" aria-hidden=\"true\" class=\"wp-block-spacer\"><\/div>\n\n\n\n<p>Masz problemy z rozliczaniem CIT? Nie jeste\u015b pewien, kiedy i jaki wydatek uj\u0105\u0107, nie jeste\u015b w stanie samodzielnie przygotowa\u0107 rozliczenia miesi\u0119cznego i rocznego?<\/p>\n\n\n\n<p>Sprawd\u017a nasze szkolenie <a href=\"https:\/\/kursy-rachunkowosci.pl\/webinary\/jak-opanowac-cit-i-nie-popelniac-bledow?utm_source=blog&amp;utm_medium=click&amp;utm_campaign=Czy+sesja+zdj%C4%99ciowa+zarz%C4%85du+stanowi+KUP%3F\" target=\"_blank\" rel=\"noopener\" title=\"\"><strong>Jak opanowa\u0107 CIT i nie pope\u0142nia\u0107 b\u0142\u0119d\u00f3w<\/strong><\/a>.<\/p>\n\n\n\n<div style=\"height:20px\" aria-hidden=\"true\" class=\"wp-block-spacer\"><\/div>\n\n\n\n<figure class=\"wp-block-image size-large\"><a href=\"https:\/\/kursy-rachunkowosci.pl\/webinary\/jak-opanowac-cit-i-nie-popelniac-bledow?utm_source=blog&amp;utm_medium=click&amp;utm_campaign=Czy+sesja+zdj%C4%99ciowa+zarz%C4%85du+stanowi+KUP%3F\" target=\"_blank\" rel=\" noreferrer noopener\"><img loading=\"lazy\" decoding=\"async\" width=\"1024\" height=\"403\" src=\"https:\/\/kursy-rachunkowosci.pl\/blog\/wp-content\/uploads\/2025\/03\/Blog_szkolenie_CIT-1024x403.png\" alt=\"\" class=\"wp-image-3659\" srcset=\"https:\/\/kursy-rachunkowosci.pl\/blog\/wp-content\/uploads\/2025\/03\/Blog_szkolenie_CIT-1024x403.png 1024w, https:\/\/kursy-rachunkowosci.pl\/blog\/wp-content\/uploads\/2025\/03\/Blog_szkolenie_CIT-300x118.png 300w, https:\/\/kursy-rachunkowosci.pl\/blog\/wp-content\/uploads\/2025\/03\/Blog_szkolenie_CIT-768x302.png 768w, https:\/\/kursy-rachunkowosci.pl\/blog\/wp-content\/uploads\/2025\/03\/Blog_szkolenie_CIT-1536x605.png 1536w, https:\/\/kursy-rachunkowosci.pl\/blog\/wp-content\/uploads\/2025\/03\/Blog_szkolenie_CIT-2048x806.png 2048w, https:\/\/kursy-rachunkowosci.pl\/blog\/wp-content\/uploads\/2025\/03\/Blog_szkolenie_CIT-610x240.png 610w\" sizes=\"auto, (max-width: 1024px) 100vw, 1024px\" \/><\/a><\/figure>\n\n\n\n<div style=\"height:40px\" aria-hidden=\"true\" class=\"wp-block-spacer\"><\/div>\n\n\n\n<p><\/p>\n\n\n<div class=\"kk-star-ratings kksr-auto kksr-align-left kksr-valign-bottom\"\n    data-payload='{&quot;align&quot;:&quot;left&quot;,&quot;id&quot;:&quot;4828&quot;,&quot;slug&quot;:&quot;default&quot;,&quot;valign&quot;:&quot;bottom&quot;,&quot;ignore&quot;:&quot;&quot;,&quot;reference&quot;:&quot;auto&quot;,&quot;class&quot;:&quot;&quot;,&quot;count&quot;:&quot;2&quot;,&quot;legendonly&quot;:&quot;&quot;,&quot;readonly&quot;:&quot;&quot;,&quot;score&quot;:&quot;5&quot;,&quot;starsonly&quot;:&quot;&quot;,&quot;best&quot;:&quot;5&quot;,&quot;gap&quot;:&quot;5&quot;,&quot;greet&quot;:&quot;Rate this post&quot;,&quot;legend&quot;:&quot;5\\\/5 - (2 votes)&quot;,&quot;size&quot;:&quot;24&quot;,&quot;title&quot;:&quot;Czy sesja zdj\u0119ciowa zarz\u0105du stanowi KUP?&quot;,&quot;width&quot;:&quot;142.5&quot;,&quot;_legend&quot;:&quot;{score}\\\/{best} - ({count} {votes})&quot;,&quot;font_factor&quot;:&quot;1.25&quot;}'>\n            \n<div class=\"kksr-stars\">\n    \n<div class=\"kksr-stars-inactive\">\n            <div class=\"kksr-star\" data-star=\"1\" style=\"padding-right: 5px\">\n            \n\n<div class=\"kksr-icon\" style=\"width: 24px; height: 24px;\"><\/div>\n        <\/div>\n            <div class=\"kksr-star\" data-star=\"2\" style=\"padding-right: 5px\">\n            \n\n<div class=\"kksr-icon\" style=\"width: 24px; height: 24px;\"><\/div>\n        <\/div>\n            <div class=\"kksr-star\" data-star=\"3\" style=\"padding-right: 5px\">\n            \n\n<div class=\"kksr-icon\" style=\"width: 24px; height: 24px;\"><\/div>\n        <\/div>\n            <div class=\"kksr-star\" data-star=\"4\" style=\"padding-right: 5px\">\n            \n\n<div class=\"kksr-icon\" style=\"width: 24px; height: 24px;\"><\/div>\n        <\/div>\n            <div class=\"kksr-star\" data-star=\"5\" style=\"padding-right: 5px\">\n            \n\n<div class=\"kksr-icon\" style=\"width: 24px; height: 24px;\"><\/div>\n        <\/div>\n    <\/div>\n    \n<div class=\"kksr-stars-active\" style=\"width: 142.5px;\">\n            <div class=\"kksr-star\" style=\"padding-right: 5px\">\n            \n\n<div class=\"kksr-icon\" style=\"width: 24px; height: 24px;\"><\/div>\n        <\/div>\n            <div class=\"kksr-star\" style=\"padding-right: 5px\">\n            \n\n<div class=\"kksr-icon\" style=\"width: 24px; height: 24px;\"><\/div>\n        <\/div>\n            <div class=\"kksr-star\" style=\"padding-right: 5px\">\n            \n\n<div class=\"kksr-icon\" style=\"width: 24px; height: 24px;\"><\/div>\n        <\/div>\n            <div class=\"kksr-star\" style=\"padding-right: 5px\">\n            \n\n<div class=\"kksr-icon\" style=\"width: 24px; height: 24px;\"><\/div>\n        <\/div>\n            <div class=\"kksr-star\" style=\"padding-right: 5px\">\n            \n\n<div class=\"kksr-icon\" style=\"width: 24px; height: 24px;\"><\/div>\n        <\/div>\n    <\/div>\n<\/div>\n                \n\n<div class=\"kksr-legend\" style=\"font-size: 19.2px;\">\n            5\/5 - (2 votes)    <\/div>\n    <\/div>\n","protected":false},"excerpt":{"rendered":"<p>W dzisiejszych czasach wizerunek firmy to podstawa. Profesjonalne zdj\u0119cia zarz\u0105du na stronie internetowej, w materia\u0142ach promocyjnych czy prezentacjach dla inwestor\u00f3w sta\u0142y si\u0119 standardem. Jednak gdy przychodzi czas na rozliczenie podatkowe, wielu przedsi\u0119biorc\u00f3w zastanawia si\u0119: czy mo\u017cna zaliczy\u0107 koszty takiej sesji fotograficznej do koszt\u00f3w uzyskania przychod\u00f3w? Odpowied\u017a brzmi: to zale\u017cy. I cho\u0107 mo\u017ce wydawa\u0107 si\u0119 to [&hellip;]<\/p>\n","protected":false},"author":4,"featured_media":4830,"comment_status":"open","ping_status":"open","sticky":false,"template":"","format":"standard","meta":{"footnotes":""},"categories":[10],"tags":[168,110,60,15,14,13],"class_list":["post-4828","post","type-post","status-publish","format-standard","has-post-thumbnail","hentry","category-podatki","tag-biuro-rachunkowe","tag-cit","tag-koszty","tag-ksiegowy","tag-praca-ksiegowego","tag-rachunkowosc"],"aioseo_notices":[],"_links":{"self":[{"href":"https:\/\/kursy-rachunkowosci.pl\/blog\/wp-json\/wp\/v2\/posts\/4828","targetHints":{"allow":["GET"]}}],"collection":[{"href":"https:\/\/kursy-rachunkowosci.pl\/blog\/wp-json\/wp\/v2\/posts"}],"about":[{"href":"https:\/\/kursy-rachunkowosci.pl\/blog\/wp-json\/wp\/v2\/types\/post"}],"author":[{"embeddable":true,"href":"https:\/\/kursy-rachunkowosci.pl\/blog\/wp-json\/wp\/v2\/users\/4"}],"replies":[{"embeddable":true,"href":"https:\/\/kursy-rachunkowosci.pl\/blog\/wp-json\/wp\/v2\/comments?post=4828"}],"version-history":[{"count":3,"href":"https:\/\/kursy-rachunkowosci.pl\/blog\/wp-json\/wp\/v2\/posts\/4828\/revisions"}],"predecessor-version":[{"id":4833,"href":"https:\/\/kursy-rachunkowosci.pl\/blog\/wp-json\/wp\/v2\/posts\/4828\/revisions\/4833"}],"wp:featuredmedia":[{"embeddable":true,"href":"https:\/\/kursy-rachunkowosci.pl\/blog\/wp-json\/wp\/v2\/media\/4830"}],"wp:attachment":[{"href":"https:\/\/kursy-rachunkowosci.pl\/blog\/wp-json\/wp\/v2\/media?parent=4828"}],"wp:term":[{"taxonomy":"category","embeddable":true,"href":"https:\/\/kursy-rachunkowosci.pl\/blog\/wp-json\/wp\/v2\/categories?post=4828"},{"taxonomy":"post_tag","embeddable":true,"href":"https:\/\/kursy-rachunkowosci.pl\/blog\/wp-json\/wp\/v2\/tags?post=4828"}],"curies":[{"name":"wp","href":"https:\/\/api.w.org\/{rel}","templated":true}]}}