	  
{"id":4722,"date":"2025-08-04T05:00:00","date_gmt":"2025-08-04T03:00:00","guid":{"rendered":"https:\/\/kursy-rachunkowosci.pl\/blog\/?p=4722"},"modified":"2026-04-21T11:42:10","modified_gmt":"2026-04-21T09:42:10","slug":"odliczenie-vat-kontrahent-wykreslony-z-rejestru","status":"publish","type":"post","link":"https:\/\/kursy-rachunkowosci.pl\/blog\/odliczenie-vat-kontrahent-wykreslony-z-rejestru\/","title":{"rendered":"Odliczenie VAT \u2013 kontrahent wykre\u015blony z rejestru"},"content":{"rendered":"\n<p>W codziennej praktyce ksi\u0119gowej cz\u0119sto spotykamy si\u0119 z sytuacjami, kt\u00f3re mog\u0105 budzi\u0107 w\u0105tpliwo\u015bci, co do prawa odliczenia VAT. Jedn\u0105 z nich jest przypadek, gdy po dokonaniu transakcji okazuje si\u0119, \u017ce nasz kontrahent zosta\u0142 wykre\u015blony z rejestru podatnik\u00f3w VAT. Czy w takiej sytuacji tracimy prawo do odliczenia podatku naliczonego?<\/p>\n\n\n\n<p>Zapraszam Ci\u0119 do wpisu na blogu w tym temacie przygotowanego przez Ani\u0119 Ma\u0142eck\u0105.<\/p>\n\n\n\n<hr class=\"wp-block-separator has-alpha-channel-opacity\"\/>\n\n\n\n<div style=\"height:20px\" aria-hidden=\"true\" class=\"wp-block-spacer\"><\/div>\n\n\n\n<h3 class=\"wp-block-heading\"><strong>Przyk\u0142ad z praktyki<\/strong><\/h3>\n\n\n\n<div style=\"height:20px\" aria-hidden=\"true\" class=\"wp-block-spacer\"><\/div>\n\n\n\n<p>Wyobra\u017amy sobie nast\u0119puj\u0105c\u0105 sytuacj\u0119: 28 listopada 2024 roku dokonujemy zakupu towaru handlowego u kontrahenta, kt\u00f3ry w tym momencie jest aktywnym podatnikiem VAT. Faktur\u0119 otrzymujemy 6 grudnia 2024 roku. Podczas rutynowej weryfikacji kontrahenta odkrywamy jednak, \u017ce z dniem 16 grudnia 2024 roku zosta\u0142 on wykre\u015blony z rejestru podatnik\u00f3w VAT. Powstaje naturalne pytanie \u2013 czy nadal mo\u017cemy odliczy\u0107 VAT z otrzymanej faktury?<\/p>\n\n\n\n<div style=\"height:20px\" aria-hidden=\"true\" class=\"wp-block-spacer\"><\/div>\n\n\n\n<h3 class=\"wp-block-heading\"><strong>Fundamenty prawne odliczenia VAT<\/strong><\/h3>\n\n\n\n<div style=\"height:20px\" aria-hidden=\"true\" class=\"wp-block-spacer\"><\/div>\n\n\n\n<p>Aby odpowiedzie\u0107 na to pytanie, musimy si\u0119gn\u0105\u0107 do podstawowych zasad odliczania VAT zawartych w ustawie. Prawo do obni\u017cenia kwoty podatku nale\u017cnego o kwot\u0119 podatku naliczonego przys\u0142uguje podatnikowi wtedy, gdy nabywane towary i us\u0142ugi wykorzystuje do wykonywania czynno\u015bci opodatkowanych. Kluczowe jest jednak okre\u015blenie momentu, w kt\u00f3rym to prawo powstaje.<\/p>\n\n\n\n<p>Ustawa jasno wskazuje, \u017ce prawo do odliczenia powstaje w rozliczeniu za okres, w kt\u00f3rym powsta\u0142 obowi\u0105zek podatkowy w odniesieniu do nabytych towar\u00f3w lub us\u0142ug. Nie mo\u017ce to jednak nast\u0105pi\u0107 wcze\u015bniej ni\u017c w rozliczeniu za okres, w kt\u00f3rym podatnik otrzyma\u0142 faktur\u0119, ewentualnie w jednym z trzech nast\u0119pnych okres\u00f3w rozliczeniowych.<\/p>\n\n\n\n<div style=\"height:20px\" aria-hidden=\"true\" class=\"wp-block-spacer\"><\/div>\n\n\n\n<h3 class=\"wp-block-heading\"><strong>Pu\u0142apki prawne \u2013 kiedy nie mo\u017cna odliczy\u0107 VAT<\/strong><\/h3>\n\n\n\n<div style=\"height:20px\" aria-hidden=\"true\" class=\"wp-block-spacer\"><\/div>\n\n\n\n<p>Nawet gdy podstawowe warunki odliczenia s\u0105 spe\u0142nione, ustawa przewiduje sytuacje, w kt\u00f3rych prawo to nie przys\u0142uguje. Art. 88 ustawy o VAT zawiera katalog przes\u0142anek negatywnych, w\u015br\u00f3d kt\u00f3rych znajdziemy zakaz odliczania VAT z faktur wystawionych przez podmioty nieistniej\u0105ce lub potwierdzaj\u0105cych czynno\u015bci, kt\u00f3re nie zosta\u0142y dokonane.<\/p>\n\n\n\n<p>To w\u0142a\u015bnie ta regulacja cz\u0119sto budzi niepok\u00f3j ksi\u0119gowych, gdy okazuje si\u0119, \u017ce kontrahent zosta\u0142 wykre\u015blony z rejestru VAT. Czy oznacza to automatycznie, \u017ce sta\u0142 si\u0119 &#8220;podmiotem nieistniej\u0105cym&#8221; w rozumieniu ustawy?<\/p>\n\n\n\n<div style=\"height:20px\" aria-hidden=\"true\" class=\"wp-block-spacer\"><\/div>\n\n\n\n<h3 class=\"wp-block-heading\"><strong>Nale\u017cyta staranno\u015b\u0107 jako klucz do bezpiecze\u0144stwa<\/strong><\/h3>\n\n\n\n<div style=\"height:20px\" aria-hidden=\"true\" class=\"wp-block-spacer\"><\/div>\n\n\n\n<p>Praktyka pokazuje, \u017ce kluczow\u0105 rol\u0119 w ocenie prawa do odliczenia VAT odgrywa koncepcja nale\u017cytej staranno\u015bci. Jako ksi\u0119gowi musimy zawsze pami\u0119ta\u0107 o trzech fundamentalnych obowi\u0105zkach: weryfikacji formalnej otrzymanej faktury, potwierdzeniu rzeczywisto\u015bci opisanej w niej transakcji oraz sprawdzeniu statusu kontrahenta.<\/p>\n\n\n\n<p>Ten ostatni element jest szczeg\u00f3lnie istotny. Weryfikacja kontrahenta powinna odbywa\u0107 si\u0119 za pomoc\u0105 dost\u0119pnych narz\u0119dzi, przede wszystkim bia\u0142ej listy podatnik\u00f3w VAT. Najwa\u017cniejsze jest jednak okre\u015blenie w\u0142a\u015bciwego momentu tej weryfikacji.<\/p>\n\n\n\n<div style=\"height:20px\" aria-hidden=\"true\" class=\"wp-block-spacer\"><\/div>\n\n\n\n<h3 class=\"wp-block-heading\"><strong>Moment rozstrzygaj\u0105cy \u2013 kiedy sprawdza\u0107 status kontrahenta<\/strong><\/h3>\n\n\n\n<div style=\"height:20px\" aria-hidden=\"true\" class=\"wp-block-spacer\"><\/div>\n\n\n\n<p>Kluczem do rozwi\u0105zania naszego dylematu jest zrozumienie, \u017ce status kontrahenta oceniamy nie na dzie\u0144 odliczania VAT, ale na dzie\u0144 dokonania transakcji. To fundamentalna zasada, kt\u00f3ra chroni podatnik\u00f3w przed negatywnymi skutkami p\u00f3\u017aniejszych zmian w sytuacji prawnej ich kontrahent\u00f3w.<\/p>\n\n\n\n<p>W naszym przyk\u0142adzie transakcja zosta\u0142a dokonana 28 listopada 2024 roku, gdy sprzedawca by\u0142 aktywnym podatnikiem VAT. Faktura zosta\u0142a wystawiona przez podmiot, kt\u00f3ry w momencie dokonania sprzeda\u017cy posiada\u0142 aktywny status podatnika. Fakt p\u00f3\u017aniejszego wykre\u015blenia z rejestru, kt\u00f3re nast\u0105pi\u0142o dopiero 16 grudnia, nie mo\u017ce wp\u0142ywa\u0107 na ocen\u0119 prawa do odliczenia VAT.<\/p>\n\n\n\n<div style=\"height:20px\" aria-hidden=\"true\" class=\"wp-block-spacer\"><\/div>\n\n\n\n<h3 class=\"wp-block-heading\"><strong>Praktyczne rozwi\u0105zanie problemu<\/strong><\/h3>\n\n\n\n<div style=\"height:20px\" aria-hidden=\"true\" class=\"wp-block-spacer\"><\/div>\n\n\n\n<p>W przedstawionej sytuacji podatnik bezsprzecznie zachowuje prawo do odliczenia VAT naliczonego z faktury otrzymanej w grudniu 2024 roku. Decyduje o tym fakt, \u017ce w momencie dokonania transakcji i jej udokumentowania sprzedawca by\u0142 czynnym podatnikiem VAT. Obowi\u0105zek podatkowy powsta\u0142 w listopadzie 2024 roku, gdy kontrahent posiada\u0142 jeszcze aktywny status.<\/p>\n\n\n\n<div style=\"height:20px\" aria-hidden=\"true\" class=\"wp-block-spacer\"><\/div>\n\n\n\n<h3 class=\"wp-block-heading\"><strong>Zalecenia dla codziennej praktyki<\/strong><\/h3>\n\n\n\n<div style=\"height:20px\" aria-hidden=\"true\" class=\"wp-block-spacer\"><\/div>\n\n\n\n<p>Aby unikn\u0105\u0107 problem\u00f3w w przysz\u0142o\u015bci, warto wprowadzi\u0107 rutynowe procedury dokumentowania procesu weryfikacji kontrahent\u00f3w. Pobieranie i archiwizowanie wydruk\u00f3w z bia\u0142ej listy na dzie\u0144 transakcji mo\u017ce okaza\u0107 si\u0119 bezcenne w przypadku p\u00f3\u017aniejszych kontroli lub w\u0105tpliwo\u015bci. Gdy kontrahent zostanie wykre\u015blony z rejestru po dokonaniu transakcji, nie ma podstaw do cofania odliczenia VAT, pod warunkiem, \u017ce w dniu zakupu podmiot by\u0142 aktywnym podatnikiem.<\/p>\n\n\n\n<p>Pami\u0119tajmy, \u017ce odpowiedzialno\u015b\u0107 ksi\u0119gowego polega nie tylko na poprawnym naliczeniu podatku, ale tak\u017ce na zabezpieczeniu interes\u00f3w pracodawcy poprzez w\u0142a\u015bciwe dokumentowanie wszystkich dzia\u0142a\u0144 zwi\u0105zanych z weryfikacj\u0105 transakcji i kontrahent\u00f3w.<\/p>\n\n\n\n<p>Chcesz wi\u0119cej takich news\u00f3w \u2013 zapisz na <a href=\"https:\/\/lp.kursy-rachunkowosci.pl\/prasowka-ksiegowego\/?utm_source=blog&amp;utm_medium=click&amp;utm_campaign=Odliczenie+VAT+%E2%80%93+kontrahent+wykre%C5%9Blony+z+rejestru\" title=\"\">Pras\u00f3wk\u0119 Ksi\u0119gowego<\/a>.<\/p>\n\n\n\n<div style=\"height:20px\" aria-hidden=\"true\" class=\"wp-block-spacer\"><\/div>\n\n\n\n<div style=\"height:40px\" aria-hidden=\"true\" class=\"wp-block-spacer\"><\/div>\n\n\n\n<p><\/p>\n\n\n<div class=\"kk-star-ratings kksr-auto kksr-align-left kksr-valign-bottom\"\n    data-payload='{&quot;align&quot;:&quot;left&quot;,&quot;id&quot;:&quot;4722&quot;,&quot;slug&quot;:&quot;default&quot;,&quot;valign&quot;:&quot;bottom&quot;,&quot;ignore&quot;:&quot;&quot;,&quot;reference&quot;:&quot;auto&quot;,&quot;class&quot;:&quot;&quot;,&quot;count&quot;:&quot;2&quot;,&quot;legendonly&quot;:&quot;&quot;,&quot;readonly&quot;:&quot;&quot;,&quot;score&quot;:&quot;5&quot;,&quot;starsonly&quot;:&quot;&quot;,&quot;best&quot;:&quot;5&quot;,&quot;gap&quot;:&quot;5&quot;,&quot;greet&quot;:&quot;Rate this post&quot;,&quot;legend&quot;:&quot;5\\\/5 - (2 votes)&quot;,&quot;size&quot;:&quot;24&quot;,&quot;title&quot;:&quot;Odliczenie VAT \u2013 kontrahent wykre\u015blony z rejestru&quot;,&quot;width&quot;:&quot;142.5&quot;,&quot;_legend&quot;:&quot;{score}\\\/{best} - ({count} {votes})&quot;,&quot;font_factor&quot;:&quot;1.25&quot;}'>\n            \n<div class=\"kksr-stars\">\n    \n<div class=\"kksr-stars-inactive\">\n            <div class=\"kksr-star\" data-star=\"1\" style=\"padding-right: 5px\">\n            \n\n<div class=\"kksr-icon\" style=\"width: 24px; height: 24px;\"><\/div>\n        <\/div>\n            <div class=\"kksr-star\" data-star=\"2\" style=\"padding-right: 5px\">\n            \n\n<div class=\"kksr-icon\" style=\"width: 24px; height: 24px;\"><\/div>\n        <\/div>\n            <div class=\"kksr-star\" data-star=\"3\" style=\"padding-right: 5px\">\n            \n\n<div class=\"kksr-icon\" style=\"width: 24px; height: 24px;\"><\/div>\n        <\/div>\n            <div class=\"kksr-star\" data-star=\"4\" style=\"padding-right: 5px\">\n            \n\n<div class=\"kksr-icon\" style=\"width: 24px; height: 24px;\"><\/div>\n        <\/div>\n            <div class=\"kksr-star\" data-star=\"5\" style=\"padding-right: 5px\">\n            \n\n<div class=\"kksr-icon\" style=\"width: 24px; height: 24px;\"><\/div>\n        <\/div>\n    <\/div>\n    \n<div class=\"kksr-stars-active\" style=\"width: 142.5px;\">\n            <div class=\"kksr-star\" style=\"padding-right: 5px\">\n            \n\n<div class=\"kksr-icon\" style=\"width: 24px; height: 24px;\"><\/div>\n        <\/div>\n            <div class=\"kksr-star\" style=\"padding-right: 5px\">\n            \n\n<div class=\"kksr-icon\" style=\"width: 24px; height: 24px;\"><\/div>\n        <\/div>\n            <div class=\"kksr-star\" style=\"padding-right: 5px\">\n            \n\n<div class=\"kksr-icon\" style=\"width: 24px; height: 24px;\"><\/div>\n        <\/div>\n            <div class=\"kksr-star\" style=\"padding-right: 5px\">\n            \n\n<div class=\"kksr-icon\" style=\"width: 24px; height: 24px;\"><\/div>\n        <\/div>\n            <div class=\"kksr-star\" style=\"padding-right: 5px\">\n            \n\n<div class=\"kksr-icon\" style=\"width: 24px; height: 24px;\"><\/div>\n        <\/div>\n    <\/div>\n<\/div>\n                \n\n<div class=\"kksr-legend\" style=\"font-size: 19.2px;\">\n            5\/5 - (2 votes)    <\/div>\n    <\/div>\n","protected":false},"excerpt":{"rendered":"<p>W codziennej praktyce ksi\u0119gowej cz\u0119sto spotykamy si\u0119 z sytuacjami, kt\u00f3re mog\u0105 budzi\u0107 w\u0105tpliwo\u015bci, co do prawa odliczenia VAT. Jedn\u0105 z nich jest przypadek, gdy po dokonaniu transakcji okazuje si\u0119, \u017ce nasz kontrahent zosta\u0142 wykre\u015blony z rejestru podatnik\u00f3w VAT. Czy w takiej sytuacji tracimy prawo do odliczenia podatku naliczonego? Zapraszam Ci\u0119 do wpisu na blogu w [&hellip;]<\/p>\n","protected":false},"author":4,"featured_media":4723,"comment_status":"open","ping_status":"open","sticky":false,"template":"","format":"standard","meta":{"footnotes":""},"categories":[10],"tags":[168,60,15,65,14,13,67],"class_list":["post-4722","post","type-post","status-publish","format-standard","has-post-thumbnail","hentry","category-podatki","tag-biuro-rachunkowe","tag-koszty","tag-ksiegowy","tag-praca","tag-praca-ksiegowego","tag-rachunkowosc","tag-vat"],"aioseo_notices":[],"_links":{"self":[{"href":"https:\/\/kursy-rachunkowosci.pl\/blog\/wp-json\/wp\/v2\/posts\/4722","targetHints":{"allow":["GET"]}}],"collection":[{"href":"https:\/\/kursy-rachunkowosci.pl\/blog\/wp-json\/wp\/v2\/posts"}],"about":[{"href":"https:\/\/kursy-rachunkowosci.pl\/blog\/wp-json\/wp\/v2\/types\/post"}],"author":[{"embeddable":true,"href":"https:\/\/kursy-rachunkowosci.pl\/blog\/wp-json\/wp\/v2\/users\/4"}],"replies":[{"embeddable":true,"href":"https:\/\/kursy-rachunkowosci.pl\/blog\/wp-json\/wp\/v2\/comments?post=4722"}],"version-history":[{"count":6,"href":"https:\/\/kursy-rachunkowosci.pl\/blog\/wp-json\/wp\/v2\/posts\/4722\/revisions"}],"predecessor-version":[{"id":5516,"href":"https:\/\/kursy-rachunkowosci.pl\/blog\/wp-json\/wp\/v2\/posts\/4722\/revisions\/5516"}],"wp:featuredmedia":[{"embeddable":true,"href":"https:\/\/kursy-rachunkowosci.pl\/blog\/wp-json\/wp\/v2\/media\/4723"}],"wp:attachment":[{"href":"https:\/\/kursy-rachunkowosci.pl\/blog\/wp-json\/wp\/v2\/media?parent=4722"}],"wp:term":[{"taxonomy":"category","embeddable":true,"href":"https:\/\/kursy-rachunkowosci.pl\/blog\/wp-json\/wp\/v2\/categories?post=4722"},{"taxonomy":"post_tag","embeddable":true,"href":"https:\/\/kursy-rachunkowosci.pl\/blog\/wp-json\/wp\/v2\/tags?post=4722"}],"curies":[{"name":"wp","href":"https:\/\/api.w.org\/{rel}","templated":true}]}}