	  
{"id":4643,"date":"2025-06-16T05:30:00","date_gmt":"2025-06-16T03:30:00","guid":{"rendered":"https:\/\/kursy-rachunkowosci.pl\/blog\/?p=4643"},"modified":"2025-06-30T08:21:11","modified_gmt":"2025-06-30T06:21:11","slug":"eksport-uslug-doradczych-czy-mozna-zachowac-zwolnienie-podmiotowe-z-vat","status":"publish","type":"post","link":"https:\/\/kursy-rachunkowosci.pl\/blog\/eksport-uslug-doradczych-czy-mozna-zachowac-zwolnienie-podmiotowe-z-vat\/","title":{"rendered":"Eksport us\u0142ug doradczych &#8211;\u00a0czy mo\u017cna zachowa\u0107 zwolnienie podmiotowe z VAT?"},"content":{"rendered":"\n<p>Wyobra\u017acie sobie sytuacj\u0119: prowadzicie ma\u0142\u0105 firm\u0119, kt\u00f3ra spokojnie mie\u015bci si\u0119 w limicie 200 tysi\u0119cy z\u0142otych i korzysta ze zwolnienia podmiotowego z VAT. Wszystko uk\u0142ada si\u0119 idealnie, dop\u00f3ki nie pojawia si\u0119 atrakcyjna oferta &#8211; zagraniczni klienci z Unii Europejskiej chc\u0105 skorzysta\u0107 z waszych us\u0142ug doradczych.<\/p>\n\n\n\n<p>Czy mo\u017cna to zrobi\u0107 bez utraty zwolnienia? Przecie\u017c us\u0142ugi doradcze na mocy ustawy o VAT nie mog\u0105 korzysta\u0107 ze zwolnienia do 200 tys?<\/p>\n\n\n\n<p>Je\u015bli chcesz pozna\u0107 odpowied\u017a zapraszam Ci\u0119 dzisiaj do wpisu na bloga przygotowanego przez Ani\u0119 Ma\u0142ecka w tym temacie.<\/p>\n\n\n\n<hr class=\"wp-block-separator has-alpha-channel-opacity\"\/>\n\n\n\n<div style=\"height:20px\" aria-hidden=\"true\" class=\"wp-block-spacer\"><\/div>\n\n\n\n<h3 class=\"wp-block-heading\"><strong>Dylemat ka\u017cdej rozwijaj\u0105cej si\u0119 firmy<\/strong><\/h3>\n\n\n\n<div style=\"height:20px\" aria-hidden=\"true\" class=\"wp-block-spacer\"><\/div>\n\n\n\n<p>Historia, kt\u00f3r\u0105 dzi\u015b opowiemy, dotyczy sp\u00f3\u0142ki znajduj\u0105cej si\u0119 w typowej sytuacji rozwojowej. Firma korzysta ze zwolnienia podmiotowego na podstawie art. 113 ustawy o VAT i zamierza rozszerzy\u0107 dzia\u0142alno\u015b\u0107 o us\u0142ugi doradcze. Problem w tym, \u017ce zgodnie z prawem, us\u0142ugi doradcze z zasady wykluczaj\u0105 mo\u017cliwo\u015b\u0107 korzystania ze zwolnienia podmiotowego.<\/p>\n\n\n\n<p>Ale tutaj pojawia si\u0119 ciekawy twist &#8211; wszystkie us\u0142ugi doradcze maj\u0105 by\u0107 \u015bwiadczone wy\u0142\u0105cznie na rzecz kontrahent\u00f3w zagranicznych, g\u0142\u00f3wnie z kraj\u00f3w UE. To zupe\u0142nie zmienia posta\u0107 rzeczy.<\/p>\n\n\n\n<div style=\"height:20px\" aria-hidden=\"true\" class=\"wp-block-spacer\"><\/div>\n\n\n\n<h3 class=\"wp-block-heading\"><strong>Geografia VAT-u ma znaczenie<\/strong><\/h3>\n\n\n\n<div style=\"height:20px\" aria-hidden=\"true\" class=\"wp-block-spacer\"><\/div>\n\n\n\n<p>Kluczem do rozwi\u0105zania tej zagadki jest zrozumienie, gdzie faktycznie powstaje obowi\u0105zek podatkowy. Nie ka\u017cda us\u0142uga \u015bwiadczona przez polsk\u0105 firm\u0119 podlega polskiemu VAT-owi. To mo\u017ce brzmie\u0107 dziwnie, ale to w\u0142a\u015bnie geografia decyduje o tym, czy us\u0142uga &#8220;liczy si\u0119&#8221; do limitu zwolnienia.<\/p>\n\n\n\n<p>Zgodnie z art. 28b ustawy o VAT, miejsce \u015bwiadczenia us\u0142ug doradczych na rzecz podatnika (czyli firmy) znajduje si\u0119 tam, gdzie ten podatnik ma siedzib\u0119 dzia\u0142alno\u015bci gospodarczej. Je\u015bli wi\u0119c \u015bwiadczycie us\u0142ugi dla niemieckiej firmy z siedzib\u0105 w Berlinie, miejscem \u015bwiadczenia b\u0119dzie Niemcy, nie Polska.<\/p>\n\n\n\n<div style=\"height:19px\" aria-hidden=\"true\" class=\"wp-block-spacer\"><\/div>\n\n\n\n<h3 class=\"wp-block-heading\"><strong>Mechanizm, kt\u00f3ry wszystko zmienia<\/strong><\/h3>\n\n\n\n<div style=\"height:20px\" aria-hidden=\"true\" class=\"wp-block-spacer\"><\/div>\n\n\n\n<p>Tu dochodzimy do sedna sprawy. Skoro us\u0142ugi doradcze \u015bwiadczone dla zagranicznych firm nie podlegaj\u0105 polskiemu VAT-owi, to automatycznie nie wchodz\u0105 w zakres definicji &#8220;sprzeda\u017cy&#8221; w rozumieniu polskiej ustawy o VAT. A je\u015bli nie s\u0105 &#8220;sprzeda\u017c\u0105&#8221; &#8211; to nie licz\u0105 si\u0119 do limitu 200 tysi\u0119cy z\u0142otych.<\/p>\n\n\n\n<p>To oznacza co\u015b fantastycznego: mo\u017cecie \u015bwiadczy\u0107 us\u0142ugi doradcze dla zagranicznych klient\u00f3w na kwoty znacznie przekraczaj\u0105ce 200 tysi\u0119cy z\u0142otych i nadal zachowa\u0107 zwolnienie podmiotowe, o ile nie \u015bwiadczycie takich us\u0142ug w Polsce.<\/p>\n\n\n\n<div style=\"height:20px\" aria-hidden=\"true\" class=\"wp-block-spacer\"><\/div>\n\n\n\n<h3 class=\"wp-block-heading\"><strong>Przyk\u0142ad z \u017cycia wzi\u0119ty<\/strong><\/h3>\n\n\n\n<div style=\"height:20px\" aria-hidden=\"true\" class=\"wp-block-spacer\"><\/div>\n\n\n\n<p>Za\u0142\u00f3\u017cmy, \u017ce wasza firma w 2024 roku osi\u0105gn\u0119\u0142a przych\u00f3d 180 tysi\u0119cy z\u0142otych z tradycyjnej dzia\u0142alno\u015bci w Polsce. W 2025 roku planujecie dodatkowo \u015bwiadczy\u0107 us\u0142ugi doradcze dla firm z Niemiec i Francji na kwot\u0119 300 tysi\u0119cy z\u0142otych.<\/p>\n\n\n\n<p>Czy stracicie zwolnienie? Nie! Do limitu 200 tysi\u0119cy liczy si\u0119 tylko te 180 tysi\u0119cy z dzia\u0142alno\u015bci krajowej. Przychody z us\u0142ug zagranicznych to jakby &#8220;r\u00f3wnoleg\u0142y wszech\u015bwiat&#8221; &#8211; istniej\u0105, ale nie wp\u0142ywaj\u0105 na wasz status podatkowy w Polsce.<\/p>\n\n\n\n<div style=\"height:20px\" aria-hidden=\"true\" class=\"wp-block-spacer\"><\/div>\n\n\n\n<h3 class=\"wp-block-heading\"><strong>Pu\u0142apka, na kt\u00f3r\u0105 trzeba uwa\u017ca\u0107<\/strong><\/h3>\n\n\n\n<div style=\"height:20px\" aria-hidden=\"true\" class=\"wp-block-spacer\"><\/div>\n\n\n\n<p>Historia ma jednak drugie dno. Ca\u0142a ta pi\u0119kna konstrukcja dzia\u0142a tylko dop\u00f3ty, dop\u00f3ki \u015bwiadczycie us\u0142ugi doradcze wy\u0142\u0105cznie za granic\u0105. Wystarczy, \u017ce zaczniecie oferowa\u0107 takie us\u0142ugi tak\u017ce polskim klientom, i boom &#8211; natychmiast tracicie prawo do zwolnienia podmiotowego.<\/p>\n\n\n\n<p>Dlaczego? Bo us\u0142ugi doradcze na rzecz polskich odbiorc\u00f3w podlegaj\u0105 polskiemu VAT-owi i wchodz\u0105 do &#8220;zakazanej&#8221; kategorii dzia\u0142alno\u015bci wykluczaj\u0105cej zwolnienie. Tu nie ma ust\u0119pstw &#8211; nawet jedna faktura dla polskiego klienta za us\u0142ugi doradcze oznacza koniec zwolnienia.<\/p>\n\n\n\n<div style=\"height:20px\" aria-hidden=\"true\" class=\"wp-block-spacer\"><\/div>\n\n\n\n<h3 class=\"wp-block-heading\"><strong>Praktyczne konsekwencje<\/strong><\/h3>\n\n\n\n<div style=\"height:20px\" aria-hidden=\"true\" class=\"wp-block-spacer\"><\/div>\n\n\n\n<p>Je\u015bli jednak dojdzie do utraty zwolnienia, nie mo\u017cna zwleka\u0107. Macie obowi\u0105zek z\u0142o\u017cy\u0107 zg\u0142oszenie rejestracyjne VAT-R <strong>przed<\/strong> dniem, w kt\u00f3rym tracicie prawo do zwolnienia. To nie jest co\u015b, co mo\u017cna za\u0142atwi\u0107 &#8220;jak si\u0119 b\u0119dzie pami\u0119ta\u0107&#8221; &#8211; terminy s\u0105 bezwzgl\u0119dne.<\/p>\n\n\n\n<p>Urz\u0105d Skarbowy po weryfikacji danych zarejestruje was jako &#8220;podatnika VAT czynnego&#8221; i na wasz wniosek potwierdzi to zarejestrowanie.<\/p>\n\n\n\n<div style=\"height:20px\" aria-hidden=\"true\" class=\"wp-block-spacer\"><\/div>\n\n\n\n<h3 class=\"wp-block-heading\"><strong>Potwierdzenie w orzecznictwie<\/strong><\/h3>\n\n\n\n<div style=\"height:20px\" aria-hidden=\"true\" class=\"wp-block-spacer\"><\/div>\n\n\n\n<p>Czy to wszystko brzmi zbyt pi\u0119knie, \u017ceby by\u0142o prawdziwe? Na szcz\u0119\u015bcie nie. Opisane stanowisko zosta\u0142o potwierdzone w interpretacji indywidualnej Krajowej Informacji Skarbowej z 17 wrze\u015bnia 2024 roku (nr 0114-KDIP1-2.4012.322.2024.1.RST), kt\u00f3ra jednoznacznie przes\u0105dzi\u0142a t\u0119 kwesti\u0119.<\/p>\n\n\n\n<p>To oznacza, \u017ce nie jest to tylko teoretyczna mo\u017cliwo\u015b\u0107, ale praktyczny spos\u00f3b na rozw\u00f3j dzia\u0142alno\u015bci bez utraty korzy\u015bci podatkowych.<\/p>\n\n\n\n<div style=\"height:20px\" aria-hidden=\"true\" class=\"wp-block-spacer\"><\/div>\n\n\n\n<h3 class=\"wp-block-heading\"><strong>Co to oznacza dla strategii?<\/strong><\/h3>\n\n\n\n<div style=\"height:20px\" aria-hidden=\"true\" class=\"wp-block-spacer\"><\/div>\n\n\n\n<p>Ta regulacja otwiera ciekawe mo\u017cliwo\u015bci dla ma\u0142ych i \u015brednich firm konsultingowych. Mo\u017cecie:<\/p>\n\n\n\n<ul class=\"wp-block-list\">\n<li>Rozwija\u0107 dzia\u0142alno\u015b\u0107 mi\u0119dzynarodow\u0105 bez ogranicze\u0144 finansowych<\/li>\n\n\n\n<li>Zachowa\u0107 prostot\u0119 rozlicze\u0144 wynikaj\u0105c\u0105 ze zwolnienia podmiotowego<\/li>\n\n\n\n<li>Budowa\u0107 portfel klient\u00f3w zagranicznych jako &#8220;bezpieczn\u0105&#8221; dywersyfikacj\u0119<\/li>\n<\/ul>\n\n\n\n<p>Kluczowym aspektem jest jednak dyscyplina w segregacji klient\u00f3w. Jedna faktura dla polskiego odbiorcy za us\u0142ugi doradcze mo\u017ce zburzy\u0107 ca\u0142\u0105 konstrukcj\u0119.<\/p>\n\n\n\n<div style=\"height:20px\" aria-hidden=\"true\" class=\"wp-block-spacer\"><\/div>\n\n\n\n<h2 class=\"wp-block-heading\"><strong>Podsumowanie<\/strong><\/h2>\n\n\n\n<div style=\"height:20px\" aria-hidden=\"true\" class=\"wp-block-spacer\"><\/div>\n\n\n\n<p>Ta historia pokazuje, jak wa\u017cne jest zrozumienie nie tylko litery prawa, ale tak\u017ce jego ducha i mechanizm\u00f3w. VAT to podatek terytorialny, a umiej\u0119tne wykorzystanie tej zasady mo\u017ce otworzy\u0107 drzwi do rozwoju dzia\u0142alno\u015bci bez niepotrzebnych komplikacji podatkowych.<\/p>\n\n\n\n<p>Pami\u0119tajcie jednak: z wielkimi mo\u017cliwo\u015bciami wi\u0105\u017ce si\u0119 wielka odpowiedzialno\u015b\u0107. Ka\u017cda decyzja o rozszerzeniu dzia\u0142alno\u015bci powinna by\u0107 przemy\u015blana i skonsultowana z doradc\u0105 podatkowym, bo diabe\u0142 tkwi w szczeg\u00f3\u0142ach \ud83d\ude09<\/p>\n\n\n\n<figure class=\"wp-block-image size-large\"><a href=\"https:\/\/lp.kursy-rachunkowosci.pl\/newsletter?utm_source=blog&amp;utm_medium=click&amp;utm_campaign=Eksport-us\u0142ug-doradczych-czy-mo\u017cna-zachowa\u0107-zwolnienie-podmiotowe-z-VAT\" target=\"_blank\" rel=\" noreferrer noopener\"><img loading=\"lazy\" decoding=\"async\" width=\"1024\" height=\"448\" src=\"https:\/\/kursy-rachunkowosci.pl\/blog\/wp-content\/uploads\/2022\/04\/Blog_newsletter-1024x448.png\" alt=\"Zapisz si\u0119 na newsletter Mentoris\" class=\"wp-image-4056\" srcset=\"https:\/\/kursy-rachunkowosci.pl\/blog\/wp-content\/uploads\/2022\/04\/Blog_newsletter-1024x448.png 1024w, https:\/\/kursy-rachunkowosci.pl\/blog\/wp-content\/uploads\/2022\/04\/Blog_newsletter-300x131.png 300w, https:\/\/kursy-rachunkowosci.pl\/blog\/wp-content\/uploads\/2022\/04\/Blog_newsletter-768x336.png 768w, https:\/\/kursy-rachunkowosci.pl\/blog\/wp-content\/uploads\/2022\/04\/Blog_newsletter-1536x672.png 1536w, https:\/\/kursy-rachunkowosci.pl\/blog\/wp-content\/uploads\/2022\/04\/Blog_newsletter-2048x896.png 2048w, https:\/\/kursy-rachunkowosci.pl\/blog\/wp-content\/uploads\/2022\/04\/Blog_newsletter-610x267.png 610w\" sizes=\"auto, (max-width: 1024px) 100vw, 1024px\" \/><\/a><\/figure>\n\n\n<div class=\"kk-star-ratings kksr-auto kksr-align-left kksr-valign-bottom\"\n    data-payload='{&quot;align&quot;:&quot;left&quot;,&quot;id&quot;:&quot;4643&quot;,&quot;slug&quot;:&quot;default&quot;,&quot;valign&quot;:&quot;bottom&quot;,&quot;ignore&quot;:&quot;&quot;,&quot;reference&quot;:&quot;auto&quot;,&quot;class&quot;:&quot;&quot;,&quot;count&quot;:&quot;0&quot;,&quot;legendonly&quot;:&quot;&quot;,&quot;readonly&quot;:&quot;&quot;,&quot;score&quot;:&quot;0&quot;,&quot;starsonly&quot;:&quot;&quot;,&quot;best&quot;:&quot;5&quot;,&quot;gap&quot;:&quot;5&quot;,&quot;greet&quot;:&quot;Rate this post&quot;,&quot;legend&quot;:&quot;0\\\/5 - (0 votes)&quot;,&quot;size&quot;:&quot;24&quot;,&quot;title&quot;:&quot;Eksport us\u0142ug doradczych -\u00a0czy mo\u017cna zachowa\u0107 zwolnienie podmiotowe z VAT?&quot;,&quot;width&quot;:&quot;0&quot;,&quot;_legend&quot;:&quot;{score}\\\/{best} - ({count} {votes})&quot;,&quot;font_factor&quot;:&quot;1.25&quot;}'>\n            \n<div class=\"kksr-stars\">\n    \n<div class=\"kksr-stars-inactive\">\n            <div class=\"kksr-star\" data-star=\"1\" style=\"padding-right: 5px\">\n            \n\n<div class=\"kksr-icon\" style=\"width: 24px; height: 24px;\"><\/div>\n        <\/div>\n            <div class=\"kksr-star\" data-star=\"2\" style=\"padding-right: 5px\">\n            \n\n<div class=\"kksr-icon\" style=\"width: 24px; height: 24px;\"><\/div>\n        <\/div>\n            <div class=\"kksr-star\" data-star=\"3\" style=\"padding-right: 5px\">\n            \n\n<div class=\"kksr-icon\" style=\"width: 24px; height: 24px;\"><\/div>\n        <\/div>\n            <div class=\"kksr-star\" data-star=\"4\" style=\"padding-right: 5px\">\n            \n\n<div class=\"kksr-icon\" style=\"width: 24px; height: 24px;\"><\/div>\n        <\/div>\n            <div class=\"kksr-star\" data-star=\"5\" style=\"padding-right: 5px\">\n            \n\n<div class=\"kksr-icon\" style=\"width: 24px; height: 24px;\"><\/div>\n        <\/div>\n    <\/div>\n    \n<div class=\"kksr-stars-active\" style=\"width: 0px;\">\n            <div class=\"kksr-star\" style=\"padding-right: 5px\">\n            \n\n<div class=\"kksr-icon\" style=\"width: 24px; height: 24px;\"><\/div>\n        <\/div>\n            <div class=\"kksr-star\" style=\"padding-right: 5px\">\n            \n\n<div class=\"kksr-icon\" style=\"width: 24px; height: 24px;\"><\/div>\n        <\/div>\n            <div class=\"kksr-star\" style=\"padding-right: 5px\">\n            \n\n<div class=\"kksr-icon\" style=\"width: 24px; height: 24px;\"><\/div>\n        <\/div>\n            <div class=\"kksr-star\" style=\"padding-right: 5px\">\n            \n\n<div class=\"kksr-icon\" style=\"width: 24px; height: 24px;\"><\/div>\n        <\/div>\n            <div class=\"kksr-star\" style=\"padding-right: 5px\">\n            \n\n<div class=\"kksr-icon\" style=\"width: 24px; height: 24px;\"><\/div>\n        <\/div>\n    <\/div>\n<\/div>\n                \n\n<div class=\"kksr-legend\" style=\"font-size: 19.2px;\">\n            <span class=\"kksr-muted\">Rate this post<\/span>\n    <\/div>\n    <\/div>\n","protected":false},"excerpt":{"rendered":"<p>Eksport us\u0142ug doradczych \u2013 czy mo\u017cna zachowa\u0107 zwolnienie podmiotowe z VAT? Sprawd\u017a, co m\u00f3wi ustawa i kiedy ryzykujesz utrat\u0119 preferencji.<\/p>\n","protected":false},"author":4,"featured_media":4645,"comment_status":"open","ping_status":"open","sticky":false,"template":"","format":"standard","meta":{"footnotes":""},"categories":[10],"tags":[68,67,234],"class_list":["post-4643","post","type-post","status-publish","format-standard","has-post-thumbnail","hentry","category-podatki","tag-podatek-vat","tag-vat","tag-zwolnienie-vat"],"aioseo_notices":[],"_links":{"self":[{"href":"https:\/\/kursy-rachunkowosci.pl\/blog\/wp-json\/wp\/v2\/posts\/4643","targetHints":{"allow":["GET"]}}],"collection":[{"href":"https:\/\/kursy-rachunkowosci.pl\/blog\/wp-json\/wp\/v2\/posts"}],"about":[{"href":"https:\/\/kursy-rachunkowosci.pl\/blog\/wp-json\/wp\/v2\/types\/post"}],"author":[{"embeddable":true,"href":"https:\/\/kursy-rachunkowosci.pl\/blog\/wp-json\/wp\/v2\/users\/4"}],"replies":[{"embeddable":true,"href":"https:\/\/kursy-rachunkowosci.pl\/blog\/wp-json\/wp\/v2\/comments?post=4643"}],"version-history":[{"count":2,"href":"https:\/\/kursy-rachunkowosci.pl\/blog\/wp-json\/wp\/v2\/posts\/4643\/revisions"}],"predecessor-version":[{"id":4768,"href":"https:\/\/kursy-rachunkowosci.pl\/blog\/wp-json\/wp\/v2\/posts\/4643\/revisions\/4768"}],"wp:featuredmedia":[{"embeddable":true,"href":"https:\/\/kursy-rachunkowosci.pl\/blog\/wp-json\/wp\/v2\/media\/4645"}],"wp:attachment":[{"href":"https:\/\/kursy-rachunkowosci.pl\/blog\/wp-json\/wp\/v2\/media?parent=4643"}],"wp:term":[{"taxonomy":"category","embeddable":true,"href":"https:\/\/kursy-rachunkowosci.pl\/blog\/wp-json\/wp\/v2\/categories?post=4643"},{"taxonomy":"post_tag","embeddable":true,"href":"https:\/\/kursy-rachunkowosci.pl\/blog\/wp-json\/wp\/v2\/tags?post=4643"}],"curies":[{"name":"wp","href":"https:\/\/api.w.org\/{rel}","templated":true}]}}