	  
{"id":4609,"date":"2025-06-02T05:00:00","date_gmt":"2025-06-02T03:00:00","guid":{"rendered":"https:\/\/kursy-rachunkowosci.pl\/blog\/?p=4609"},"modified":"2026-04-21T11:39:18","modified_gmt":"2026-04-21T09:39:18","slug":"jak-korygowac-bledna-stawke-vat-z-kilku-zamowien","status":"publish","type":"post","link":"https:\/\/kursy-rachunkowosci.pl\/blog\/jak-korygowac-bledna-stawke-vat-z-kilku-zamowien\/","title":{"rendered":"Jak korygowa\u0107 b\u0142\u0119dn\u0105 stawk\u0119 VAT z kilku zam\u00f3wie\u0144"},"content":{"rendered":"\n<p>Wyobra\u017a sobie sytuacj\u0119 ksi\u0119gowej Basi, kt\u00f3ra po miesi\u0105cu ci\u0119\u017ckiej pracy z fakturami sprzeda\u017cowymi odkrywa, \u017ce pope\u0142ni\u0142a b\u0142\u0105d. Wsz\u0119dzie tam, gdzie powinna zastosowa\u0107 ni\u017csz\u0105 stawk\u0119 VAT, wpisa\u0142a standardowe 23 procent. Pierwszy impuls? &#8220;Wystawi\u0119 jedn\u0105 zbiorcz\u0105 korekt\u0119 z numerami wszystkich b\u0142\u0119dnych faktur i sprawa za\u0142atwiona!&#8221;.<\/p>\n\n\n\n<p>Czy Basia faktycznie mo\u017ce tak zrobi\u0107?<\/p>\n\n\n\n<p>Zapraszam Ci\u0119 dzisiaj do wpisu na blogu przygotowanego przez Ani\u0119 Ma\u0142eck\u0105, wieloletniego praktyka rachunkowo\u015bci, w kt\u00f3rym odpowiadamy na to pytanie.<\/p>\n\n\n\n<hr class=\"wp-block-separator has-alpha-channel-opacity\"\/>\n\n\n\n<div style=\"height:20px\" aria-hidden=\"true\" class=\"wp-block-spacer\"><\/div>\n\n\n\n<h2 class=\"wp-block-heading\"><strong>Sk\u0105d pomys\u0142 na jedn\u0105 korekt\u0119?<\/strong><\/h2>\n\n\n\n<div style=\"height:20px\" aria-hidden=\"true\" class=\"wp-block-spacer\"><\/div>\n\n\n\n<p>Basia my\u015bla\u0142a, \u017ce skorzysta z tego samego uproszczenia, kt\u00f3re stosowa\u0142a wcze\u015bniej przy korektach dotycz\u0105cych rabat\u00f3w dla sta\u0142ych klient\u00f3w (jedna faktura koryguj\u0105ca). W ko\u0144cu przepisy pozwalaj\u0105 na wystawienie zbiorczej faktury koryguj\u0105cej, w kt\u00f3rej wystarczy poda\u0107 numery pierwotnych dokument\u00f3w, prawda? Niestety, jak si\u0119 okaza\u0142o, nie zawsze.<\/p>\n\n\n\n<div style=\"height:20px\" aria-hidden=\"true\" class=\"wp-block-spacer\"><\/div>\n\n\n\n<h2 class=\"wp-block-heading\"><strong>Lekcja, kt\u00f3rej Basia si\u0119 nauczy\u0142a<\/strong><\/h2>\n\n\n\n<div style=\"height:20px\" aria-hidden=\"true\" class=\"wp-block-spacer\"><\/div>\n\n\n\n<p>Kiedy Basia skontaktowa\u0142a si\u0119 z Krajow\u0105 Informacj\u0105&nbsp;Skarbow\u0105 w sprawie swojej korekty, us\u0142ysza\u0142a zaskakuj\u0105c\u0105 odpowied\u017a. Szef Krajowej Administracji Skarbowej w\u0142a\u015bnie zmieni\u0142 wcze\u015bniejsz\u0105 interpretacj\u0119, kt\u00f3ra pozwala\u0142a na takie uproszczenie przy b\u0142\u0119dach w stawce VAT (Interpretacja zmieniaj\u0105ca wydana przez szefa KAS 19 maja 2025 r., sygn. DOP7.8101.54.2023.APMU). Basia nie sprawdzi\u0142a wcze\u015bniej, czy pracuje z aktualnym orzecznictwem.<\/p>\n\n\n\n<p>Prawda jest taka: uproszczona korekta dzia\u0142a tylko w bardzo konkretnych sytuacjach. Gdy udzielasz rabatu sta\u0142emu klientowi lub obni\u017casz mu cen\u0119 za us\u0142ugi wykonane w danym okresie, wtedy rzeczywi\u015bcie mo\u017cesz si\u0119 ograniczy\u0107 do podania numer\u00f3w faktur pierwotnych. Nie musisz wtedy szczeg\u00f3\u0142owo opisywa\u0107, jakie towary czy us\u0142ugi obejmuje korekta.<\/p>\n\n\n\n<p>Ale gdy pope\u0142niasz b\u0142\u0105d w stawce VAT, sytuacja wygl\u0105da zupe\u0142nie inaczej. Taka korekta musi zawiera\u0107 wszystkie elementy wymagane przez artyku\u0142 106j ust. 2 ustawy o VAT. To oznacza pe\u0142ny opis korygowanych pozycji, nazwy towar\u00f3w lub us\u0142ug, wszystkie szczeg\u00f3\u0142y, kt\u00f3re pozwol\u0105 jednoznacznie zidentyfikowa\u0107, co i w jaki spos\u00f3b si\u0119 zmienia.<\/p>\n\n\n\n<div style=\"height:20px\" aria-hidden=\"true\" class=\"wp-block-spacer\"><\/div>\n\n\n\n<h2 class=\"wp-block-heading\"><strong>Dlaczego prawo rozr\u00f3\u017cnia te sytuacje?<\/strong><\/h2>\n\n\n\n<div style=\"height:20px\" aria-hidden=\"true\" class=\"wp-block-spacer\"><\/div>\n\n\n\n<p>To rozr\u00f3\u017cnienie ma sens ekonomiczny i administracyjny. Gdy firma udziela rabatu, istota transakcji pozostaje taka sama \u2013 zmienia si\u0119 tylko cena. Organ podatkowy mo\u017ce \u0142atwo prze\u015bledzi\u0107, o co chodzi, nawet maj\u0105c jedynie numery faktur pierwotnych.<\/p>\n\n\n\n<p>B\u0142\u0105d w stawce VAT to jednak zupe\u0142nie inna historia. Tutaj nie chodzi o decyzj\u0119 firmy w sprawie udzielenia rabatu lub nie, ale o nieprawid\u0142owe zastosowanie przepis\u00f3w podatkowych, tj. zastosowanie nieprawid\u0142owej stawki podatku VAT. Organ skarbowy musi m\u00f3c precyzyjnie sprawdzi\u0107, czy korekta zosta\u0142a wykonana prawid\u0142owo, czy rzeczywi\u015bcie zastosowano w\u0142a\u015bciw\u0105 stawk\u0119 i czy nie ma innych ukrytych b\u0142\u0119d\u00f3w.<\/p>\n\n\n\n<p>Basia zrozumia\u0142a, \u017ce jej pierwotny plan by\u0142 nie tylko niew\u0142a\u015bciwy, ale te\u017c ryzykowny. Gdyby wystawi\u0142a uproszczon\u0105 korekt\u0119, narazi\u0142aby si\u0119 na zarzut nieprawid\u0142owego wystawienia faktury.<\/p>\n\n\n\n<div style=\"height:20px\" aria-hidden=\"true\" class=\"wp-block-spacer\"><\/div>\n\n\n\n<h2 class=\"wp-block-heading\"><strong>Praktyczna nauka na przysz\u0142o\u015b\u0107<\/strong><\/h2>\n\n\n\n<div style=\"height:20px\" aria-hidden=\"true\" class=\"wp-block-spacer\"><\/div>\n\n\n\n<p>Historia Basi pokazuje, jak wa\u017cne jest bycie na bie\u017c\u0105co ze wszystkimi przepisami, a tak\u017ce orzecznictwem ich dotycz\u0105cym. Przed ka\u017cd\u0105 korekt\u0105 warto zada\u0107 sobie pytanie: dlaczego j\u0105 wystawiam? Je\u015bli odpowied\u017a brzmi &#8220;bo zmieni\u0142am cen\u0119 lub udzieli\u0142am rabatu&#8221;, uproszczenie mo\u017ce by\u0107 w\u0142a\u015bciwe. Je\u015bli jednak odpowied\u017a brzmi &#8220;bo pope\u0142ni\u0142am b\u0142\u0105d w rozliczeniu podatku&#8221;, trzeba przygotowa\u0107 si\u0119 na pe\u0142n\u0105, szczeg\u00f3\u0142ow\u0105 korekt\u0119.<\/p>\n\n\n\n<p>Ta zmiana interpretacji, wydana przez szefa KAS 19 maja 2025 roku, przypomina wszystkim ksi\u0119gowym o podstawowej zasadzie: ostro\u017cno\u015bci nigdy nie wiele \u2013 lepiej co\u015b sprawdzi\u0107, nawet je\u017celi wydaje nam si\u0119, \u017ce dobrze pami\u0119tamy przepisy.<\/p>\n\n\n\n<div style=\"height:20px\" aria-hidden=\"true\" class=\"wp-block-spacer\"><\/div>\n\n\n\n<div style=\"height:40px\" aria-hidden=\"true\" class=\"wp-block-spacer\"><\/div>\n\n\n\n<p><\/p>\n\n\n<div class=\"kk-star-ratings kksr-auto kksr-align-left kksr-valign-bottom\"\n    data-payload='{&quot;align&quot;:&quot;left&quot;,&quot;id&quot;:&quot;4609&quot;,&quot;slug&quot;:&quot;default&quot;,&quot;valign&quot;:&quot;bottom&quot;,&quot;ignore&quot;:&quot;&quot;,&quot;reference&quot;:&quot;auto&quot;,&quot;class&quot;:&quot;&quot;,&quot;count&quot;:&quot;0&quot;,&quot;legendonly&quot;:&quot;&quot;,&quot;readonly&quot;:&quot;&quot;,&quot;score&quot;:&quot;0&quot;,&quot;starsonly&quot;:&quot;&quot;,&quot;best&quot;:&quot;5&quot;,&quot;gap&quot;:&quot;5&quot;,&quot;greet&quot;:&quot;Rate this post&quot;,&quot;legend&quot;:&quot;0\\\/5 - (0 votes)&quot;,&quot;size&quot;:&quot;24&quot;,&quot;title&quot;:&quot;Jak korygowa\u0107 b\u0142\u0119dn\u0105 stawk\u0119 VAT z kilku zam\u00f3wie\u0144&quot;,&quot;width&quot;:&quot;0&quot;,&quot;_legend&quot;:&quot;{score}\\\/{best} - ({count} {votes})&quot;,&quot;font_factor&quot;:&quot;1.25&quot;}'>\n            \n<div class=\"kksr-stars\">\n    \n<div class=\"kksr-stars-inactive\">\n            <div class=\"kksr-star\" data-star=\"1\" style=\"padding-right: 5px\">\n            \n\n<div class=\"kksr-icon\" style=\"width: 24px; height: 24px;\"><\/div>\n        <\/div>\n            <div class=\"kksr-star\" data-star=\"2\" style=\"padding-right: 5px\">\n            \n\n<div class=\"kksr-icon\" style=\"width: 24px; height: 24px;\"><\/div>\n        <\/div>\n            <div class=\"kksr-star\" data-star=\"3\" style=\"padding-right: 5px\">\n            \n\n<div class=\"kksr-icon\" style=\"width: 24px; height: 24px;\"><\/div>\n        <\/div>\n            <div class=\"kksr-star\" data-star=\"4\" style=\"padding-right: 5px\">\n            \n\n<div class=\"kksr-icon\" style=\"width: 24px; height: 24px;\"><\/div>\n        <\/div>\n            <div class=\"kksr-star\" data-star=\"5\" style=\"padding-right: 5px\">\n            \n\n<div class=\"kksr-icon\" style=\"width: 24px; height: 24px;\"><\/div>\n        <\/div>\n    <\/div>\n    \n<div class=\"kksr-stars-active\" style=\"width: 0px;\">\n            <div class=\"kksr-star\" style=\"padding-right: 5px\">\n            \n\n<div class=\"kksr-icon\" style=\"width: 24px; height: 24px;\"><\/div>\n        <\/div>\n            <div class=\"kksr-star\" style=\"padding-right: 5px\">\n            \n\n<div class=\"kksr-icon\" style=\"width: 24px; height: 24px;\"><\/div>\n        <\/div>\n            <div class=\"kksr-star\" style=\"padding-right: 5px\">\n            \n\n<div class=\"kksr-icon\" style=\"width: 24px; height: 24px;\"><\/div>\n        <\/div>\n            <div class=\"kksr-star\" style=\"padding-right: 5px\">\n            \n\n<div class=\"kksr-icon\" style=\"width: 24px; height: 24px;\"><\/div>\n        <\/div>\n            <div class=\"kksr-star\" style=\"padding-right: 5px\">\n            \n\n<div class=\"kksr-icon\" style=\"width: 24px; height: 24px;\"><\/div>\n        <\/div>\n    <\/div>\n<\/div>\n                \n\n<div class=\"kksr-legend\" style=\"font-size: 19.2px;\">\n            <span class=\"kksr-muted\">Rate this post<\/span>\n    <\/div>\n    <\/div>\n","protected":false},"excerpt":{"rendered":"<p>Wyobra\u017a sobie sytuacj\u0119 ksi\u0119gowej Basi, kt\u00f3ra po miesi\u0105cu ci\u0119\u017ckiej pracy z fakturami sprzeda\u017cowymi odkrywa, \u017ce pope\u0142ni\u0142a b\u0142\u0105d. Wsz\u0119dzie tam, gdzie powinna zastosowa\u0107 ni\u017csz\u0105 stawk\u0119 VAT, wpisa\u0142a standardowe 23 procent. Pierwszy impuls? &#8220;Wystawi\u0119 jedn\u0105 zbiorcz\u0105 korekt\u0119 z numerami wszystkich b\u0142\u0119dnych faktur i sprawa za\u0142atwiona!&#8221;. Czy Basia faktycznie mo\u017ce tak zrobi\u0107? Zapraszam Ci\u0119 dzisiaj do wpisu na [&hellip;]<\/p>\n","protected":false},"author":4,"featured_media":4613,"comment_status":"open","ping_status":"open","sticky":false,"template":"","format":"standard","meta":{"footnotes":""},"categories":[10],"tags":[168,230,229,15,14,13],"class_list":["post-4609","post","type-post","status-publish","format-standard","has-post-thumbnail","hentry","category-podatki","tag-biuro-rachunkowe","tag-faktura","tag-korekta","tag-ksiegowy","tag-praca-ksiegowego","tag-rachunkowosc"],"aioseo_notices":[],"_links":{"self":[{"href":"https:\/\/kursy-rachunkowosci.pl\/blog\/wp-json\/wp\/v2\/posts\/4609","targetHints":{"allow":["GET"]}}],"collection":[{"href":"https:\/\/kursy-rachunkowosci.pl\/blog\/wp-json\/wp\/v2\/posts"}],"about":[{"href":"https:\/\/kursy-rachunkowosci.pl\/blog\/wp-json\/wp\/v2\/types\/post"}],"author":[{"embeddable":true,"href":"https:\/\/kursy-rachunkowosci.pl\/blog\/wp-json\/wp\/v2\/users\/4"}],"replies":[{"embeddable":true,"href":"https:\/\/kursy-rachunkowosci.pl\/blog\/wp-json\/wp\/v2\/comments?post=4609"}],"version-history":[{"count":5,"href":"https:\/\/kursy-rachunkowosci.pl\/blog\/wp-json\/wp\/v2\/posts\/4609\/revisions"}],"predecessor-version":[{"id":5509,"href":"https:\/\/kursy-rachunkowosci.pl\/blog\/wp-json\/wp\/v2\/posts\/4609\/revisions\/5509"}],"wp:featuredmedia":[{"embeddable":true,"href":"https:\/\/kursy-rachunkowosci.pl\/blog\/wp-json\/wp\/v2\/media\/4613"}],"wp:attachment":[{"href":"https:\/\/kursy-rachunkowosci.pl\/blog\/wp-json\/wp\/v2\/media?parent=4609"}],"wp:term":[{"taxonomy":"category","embeddable":true,"href":"https:\/\/kursy-rachunkowosci.pl\/blog\/wp-json\/wp\/v2\/categories?post=4609"},{"taxonomy":"post_tag","embeddable":true,"href":"https:\/\/kursy-rachunkowosci.pl\/blog\/wp-json\/wp\/v2\/tags?post=4609"}],"curies":[{"name":"wp","href":"https:\/\/api.w.org\/{rel}","templated":true}]}}