	  
{"id":3155,"date":"2024-01-22T06:08:00","date_gmt":"2024-01-22T05:08:00","guid":{"rendered":"https:\/\/kursy-rachunkowosci.pl\/blog\/?p=3155"},"modified":"2025-02-26T12:13:06","modified_gmt":"2025-02-26T11:13:06","slug":"pit-zaliczka-na-podatek-dochodowy-za-grudzien-a-sporzadzona-i-rozliczona-inwentaryzacja","status":"publish","type":"post","link":"https:\/\/kursy-rachunkowosci.pl\/blog\/pit-zaliczka-na-podatek-dochodowy-za-grudzien-a-sporzadzona-i-rozliczona-inwentaryzacja\/","title":{"rendered":"PIT: Zaliczka na podatek dochodowy za grudzie\u0144, a sporz\u0105dzona i rozliczona inwentaryzacja"},"content":{"rendered":"\n<p>Zastanawiasz si\u0119, czy roczna inwentaryzacja mo\u017ce zosta\u0107 uj\u0119ta w zaliczce na podatek dochodowy za grudzie\u0144?&nbsp;<\/p>\n\n\n\n<p>Zapraszam Ci\u0119 do artyku\u0142u przygotowanego przez Ani\u0119 Ma\u0142eck\u0105, wieloletniego praktyka rachunkowo\u015bci, w kt\u00f3rym wyja\u015bnia t\u0119 kwesti\u0119.<\/p>\n\n\n\n<div style=\"height:20px\" aria-hidden=\"true\" class=\"wp-block-spacer\"><\/div>\n\n\n\n<h2 class=\"wp-block-heading\"><strong>Inwentaryzacja roczna a zaliczka za grudzie\u0144<\/strong><\/h2>\n\n\n\n<div style=\"height:20px\" aria-hidden=\"true\" class=\"wp-block-spacer\"><\/div>\n\n\n\n<p>Dzisiaj up\u0142ywa termin wp\u0142aty zaliczki na podatek dochodowy od os\u00f3b fizycznych za grudzie\u0144 2023 roku. Rocznym obowi\u0105zkiem podatnika jest sporz\u0105dzenie spisu z natury na koniec roku, kt\u00f3ry skoryguje warto\u015b\u0107 towar\u00f3w i materia\u0142\u00f3w, kt\u00f3re zosta\u0142y na stanie.&nbsp;<\/p>\n\n\n\n<p>Wyobra\u017a sobie, \u017ce Pan Jan, podatnik PIT prowadz\u0105cy ksi\u0119g\u0119 przychod\u00f3w i rozchod\u00f3w, r\u00f3wnie\u017c sporz\u0105dzi\u0142 spis z natury na koniec roku, a co wi\u0119cej nawet ju\u017c go wyceni\u0142.&nbsp;<\/p>\n\n\n\n<p>Czy warto\u015b\u0107 tego spisu z natury mo\u017cna uj\u0105\u0107 w kalkulacji zaliczki na podatek dochodowy za grudzie\u0144? Czy warto\u015b\u0107 t\u0119 nale\u017cy uj\u0105\u0107 dopiero w rozliczeniu rocznym?&nbsp;<\/p>\n\n\n\n<div style=\"height:20px\" aria-hidden=\"true\" class=\"wp-block-spacer\"><\/div>\n\n\n\n<h2 class=\"wp-block-heading\"><strong>Zacznijmy od pocz\u0105tku<\/strong><\/h2>\n\n\n\n<div style=\"height:20px\" aria-hidden=\"true\" class=\"wp-block-spacer\"><\/div>\n\n\n\n<p>Zaczynamy od obowi\u0105zku wp\u0142acania zaliczek na podatek dochodowy przez podatnik\u00f3w.&nbsp;<\/p>\n\n\n\n<p>Ka\u017cda osoba prowadz\u0105ca dzia\u0142alno\u015b\u0107 gospodarcz\u0105 ma obowi\u0105zek wp\u0142aty zaliczek na podatek dochodowy w trakcie roku, pocz\u0105wszy od miesi\u0105ca, w kt\u00f3rym kwota dochod\u00f3w podatnika przekroczy\u0142a kwot\u0119 dochod\u00f3w wolnych od podatku (w przypadku podatnik\u00f3w opodatkowanych liniowo, nie uwzgl\u0119dniamy kwoty wolnej od podatku \u2013 jest ona zarezerwowana tylko dla skali podatkowej).&nbsp;<\/p>\n\n\n\n<p>Zaliczk\u0119 za ten miesi\u0105c stanowi podatek obliczony od tego dochodu, a zaliczki za nast\u0119pne miesi\u0105ce kalkuluje si\u0119 od dochodu narastaj\u0105co, a wi\u0119c od pocz\u0105tku roku lub od momentu rozpocz\u0119cia dzia\u0142alno\u015bci gospodarczej i pomniejsza o zaliczki wp\u0142acone za poprzednie miesi\u0105ce.<\/p>\n\n\n\n<p>Podatnicy mog\u0105 wybra\u0107 r\u00f3wnie\u017c kwartalne rozliczenie zaliczek na podatek \u2013 spos\u00f3b post\u0119powania jest analogiczny, tylko okres zmienia si\u0119 z miesi\u0105ca na kwarta\u0142.<\/p>\n\n\n\n<p>Jest jeszcze uproszczona forma op\u0142acania zaliczek, ale t\u0119 kwesti\u0119 pominiemy \u2013 podatnik z naszego przyk\u0142adu kalkuluje zaliczk\u0119 na podatek dochodowy, a wi\u0119c nie mo\u017ce korzysta\u0107 z tego rozwi\u0105zania.<\/p>\n\n\n\n<div style=\"height:20px\" aria-hidden=\"true\" class=\"wp-block-spacer\"><\/div>\n\n\n\n<h2 class=\"wp-block-heading\"><strong>Zasady kalkulacji zaliczki<\/strong><\/h2>\n\n\n\n<div style=\"height:20px\" aria-hidden=\"true\" class=\"wp-block-spacer\"><\/div>\n\n\n\n<p>Zaliczk\u0119 obliczamy od osi\u0105gni\u0119tego dochodu. Ustawa o podatku dochodowym od os\u00f3b fizycznych definiuje doch\u00f3d z dzia\u0142alno\u015bci gospodarczej stanowi\u0105cy podstaw\u0119 do obliczenia zaliczki u podatnik\u00f3w prowadz\u0105cych KPIR, jako r\u00f3\u017cnic\u0119 pomi\u0119dzy przychodami wynikaj\u0105cymi z tych ksi\u0105g a kosztami ich uzyskania.&nbsp;<\/p>\n\n\n\n<p>Je\u017celi podatnik na koniec miesi\u0105ca sporz\u0105dza spis z natury (mo\u017cna to robi\u0107 \u2013 nie jest on obowi\u0105zkowy) albo inwentaryzacja zosta\u0142a przeprowadzona na \u017c\u0105danie urz\u0119du, to doch\u00f3d ustala si\u0119, zgodnie z przepisem art. 24 ust.2 ustawy o PIT, czyli dochodem jest r\u00f3\u017cnica pomi\u0119dzy przychodem z tej dzia\u0142alno\u015bci a kosztami uzyskania:<\/p>\n\n\n\n<ul class=\"wp-block-list\">\n<li><strong><em>powi\u0119kszona o r\u00f3\u017cnic\u0119 pomi\u0119dzy warto\u015bci\u0105 remanentu ko\u0144cowego i pocz\u0105tkowego towar\u00f3w handlowych, materia\u0142\u00f3w (surowc\u00f3w) podstawowych i pomocniczych, p\u00f3\u0142wyrob\u00f3w, produkcji w toku, wyrob\u00f3w gotowych, brak\u00f3w i odpadk\u00f3w, je\u017celi warto\u015b\u0107 remanentu ko\u0144cowego jest wy\u017csza ni\u017c warto\u015b\u0107 remanentu pocz\u0105tkowego, lub<\/em><\/strong><\/li>\n\n\n\n<li><strong><em>pomniejszona o r\u00f3\u017cnic\u0119 pomi\u0119dzy warto\u015bci\u0105 remanentu pocz\u0105tkowego i ko\u0144cowego, je\u017celi warto\u015b\u0107 remanentu pocz\u0105tkowego jest wy\u017csza.<\/em><\/strong><\/li>\n<\/ul>\n\n\n\n<p>Bior\u0105c pod uwag\u0119 literalne brzmienie przepis\u00f3w, sk\u0142oni\u0142yby\u015bmy si\u0119 do tego, \u017ce remanent powinien by\u0107 rozliczony w zaliczce na podatek dochodowy za grudzie\u0144 \u2013 grudzie\u0144 to te\u017c miesi\u0105c.<\/p>\n\n\n\n<div style=\"height:20px\" aria-hidden=\"true\" class=\"wp-block-spacer\"><\/div>\n\n\n\n<h2 class=\"wp-block-heading\"><strong>Uwaga na wyja\u015bnienia Ministerstwa Finans\u00f3w<\/strong><\/h2>\n\n\n\n<div style=\"height:20px\" aria-hidden=\"true\" class=\"wp-block-spacer\"><\/div>\n\n\n\n<p>Praktyka jest jednak inna i potwierdzaj\u0105 j\u0105 wyja\u015bnienia wydane przez Ministerstwo Finans\u00f3w. Resort finans\u00f3w wyja\u015bni\u0142, \u017ce wym\u00f3g sporz\u0105dzenia i wpisania do PKPiR spisu z natury na koniec ka\u017cdego roku podatkowego \u201enie skutkuje obowi\u0105zkiem uwzgl\u0119dnienia tego spisu przy obliczaniu zaliczki na podatek dochodowy za grudzie\u0144 roku podatkowego. Podatnik mo\u017ce, ale nie musi uwzgl\u0119dnia\u0107 sporz\u0105dzany na 31 grudnia remanent przy obliczaniu zaliczki za grudzie\u0144\u201d. Tak wi\u0119c podatnik mo\u017ce, ale nie musi uwzgl\u0119dnia\u0107 remanentu ko\u0144cowego w zaliczce na podatek dochodowy za grudzie\u0144.<\/p>\n\n\n\n<p>Czy to dobrze, czy \u017ale?&nbsp;<\/p>\n\n\n\n<p>To ju\u017c zale\u017cy od indywidualnej sytuacji podatnika \u2013 niejednokrotnie uwzgl\u0119dnienie remanentu obni\u017cy zaliczk\u0119 na podatek dochodowy, wi\u0119c b\u0119dzie to bardziej op\u0142acalne dla podatnika.&nbsp;<\/p>\n\n\n\n<p>W innych przypadkach, gdzie remanent zwi\u0119kszy\u0142by zaliczk\u0119, op\u0142acalne b\u0119dzie uwzgl\u0119dnienie go dopiero w rozliczeniu rocznym \u2013 podatnik odsunie w czasie p\u0142atno\u015b\u0107 zobowi\u0105zania podatkowego.<\/p>\n\n\n\n<div style=\"height:30px\" aria-hidden=\"true\" class=\"wp-block-spacer\"><\/div>\n\n\n\n<figure class=\"wp-block-image size-full\"><a href=\"https:\/\/kursy-rachunkowosci.pl\/kursy?utm_source=blog&amp;utm_medium=click&amp;utm_campaign=PIT%3A+Zaliczka+na+podatek+dochodowy+za+grudzie%C5%84%2C+a+sporz%C4%85dzona+i+rozliczona+inwentaryzacja\" target=\"_blank\" rel=\" noreferrer noopener\"><img loading=\"lazy\" decoding=\"async\" width=\"2969\" height=\"1169\" src=\"https:\/\/kursy-rachunkowosci.pl\/blog\/wp-content\/uploads\/2019\/09\/Blog_wszystkie_kursy.png\" alt=\"\" class=\"wp-image-3879\" srcset=\"https:\/\/kursy-rachunkowosci.pl\/blog\/wp-content\/uploads\/2019\/09\/Blog_wszystkie_kursy.png 2969w, https:\/\/kursy-rachunkowosci.pl\/blog\/wp-content\/uploads\/2019\/09\/Blog_wszystkie_kursy-300x118.png 300w, https:\/\/kursy-rachunkowosci.pl\/blog\/wp-content\/uploads\/2019\/09\/Blog_wszystkie_kursy-1024x403.png 1024w, https:\/\/kursy-rachunkowosci.pl\/blog\/wp-content\/uploads\/2019\/09\/Blog_wszystkie_kursy-768x302.png 768w, https:\/\/kursy-rachunkowosci.pl\/blog\/wp-content\/uploads\/2019\/09\/Blog_wszystkie_kursy-1536x605.png 1536w, https:\/\/kursy-rachunkowosci.pl\/blog\/wp-content\/uploads\/2019\/09\/Blog_wszystkie_kursy-2048x806.png 2048w, https:\/\/kursy-rachunkowosci.pl\/blog\/wp-content\/uploads\/2019\/09\/Blog_wszystkie_kursy-610x240.png 610w\" sizes=\"auto, (max-width: 2969px) 100vw, 2969px\" \/><\/a><\/figure>\n\n\n\n<div style=\"height:50px\" aria-hidden=\"true\" class=\"wp-block-spacer\"><\/div>\n\n\n\n<p><\/p>\n\n\n<div class=\"kk-star-ratings kksr-auto kksr-align-left kksr-valign-bottom\"\n    data-payload='{&quot;align&quot;:&quot;left&quot;,&quot;id&quot;:&quot;3155&quot;,&quot;slug&quot;:&quot;default&quot;,&quot;valign&quot;:&quot;bottom&quot;,&quot;ignore&quot;:&quot;&quot;,&quot;reference&quot;:&quot;auto&quot;,&quot;class&quot;:&quot;&quot;,&quot;count&quot;:&quot;0&quot;,&quot;legendonly&quot;:&quot;&quot;,&quot;readonly&quot;:&quot;&quot;,&quot;score&quot;:&quot;0&quot;,&quot;starsonly&quot;:&quot;&quot;,&quot;best&quot;:&quot;5&quot;,&quot;gap&quot;:&quot;5&quot;,&quot;greet&quot;:&quot;Rate this post&quot;,&quot;legend&quot;:&quot;0\\\/5 - (0 votes)&quot;,&quot;size&quot;:&quot;24&quot;,&quot;title&quot;:&quot;PIT: Zaliczka na podatek dochodowy za grudzie\u0144, a sporz\u0105dzona i rozliczona inwentaryzacja&quot;,&quot;width&quot;:&quot;0&quot;,&quot;_legend&quot;:&quot;{score}\\\/{best} - ({count} {votes})&quot;,&quot;font_factor&quot;:&quot;1.25&quot;}'>\n            \n<div class=\"kksr-stars\">\n    \n<div class=\"kksr-stars-inactive\">\n            <div class=\"kksr-star\" data-star=\"1\" style=\"padding-right: 5px\">\n            \n\n<div class=\"kksr-icon\" style=\"width: 24px; height: 24px;\"><\/div>\n        <\/div>\n            <div class=\"kksr-star\" data-star=\"2\" style=\"padding-right: 5px\">\n            \n\n<div class=\"kksr-icon\" style=\"width: 24px; height: 24px;\"><\/div>\n        <\/div>\n            <div class=\"kksr-star\" data-star=\"3\" style=\"padding-right: 5px\">\n            \n\n<div class=\"kksr-icon\" style=\"width: 24px; height: 24px;\"><\/div>\n        <\/div>\n            <div class=\"kksr-star\" data-star=\"4\" style=\"padding-right: 5px\">\n            \n\n<div class=\"kksr-icon\" style=\"width: 24px; height: 24px;\"><\/div>\n        <\/div>\n            <div class=\"kksr-star\" data-star=\"5\" style=\"padding-right: 5px\">\n            \n\n<div class=\"kksr-icon\" style=\"width: 24px; height: 24px;\"><\/div>\n        <\/div>\n    <\/div>\n    \n<div class=\"kksr-stars-active\" style=\"width: 0px;\">\n            <div class=\"kksr-star\" style=\"padding-right: 5px\">\n            \n\n<div class=\"kksr-icon\" style=\"width: 24px; height: 24px;\"><\/div>\n        <\/div>\n            <div class=\"kksr-star\" style=\"padding-right: 5px\">\n            \n\n<div class=\"kksr-icon\" style=\"width: 24px; height: 24px;\"><\/div>\n        <\/div>\n            <div class=\"kksr-star\" style=\"padding-right: 5px\">\n            \n\n<div class=\"kksr-icon\" style=\"width: 24px; height: 24px;\"><\/div>\n        <\/div>\n            <div class=\"kksr-star\" style=\"padding-right: 5px\">\n            \n\n<div class=\"kksr-icon\" style=\"width: 24px; height: 24px;\"><\/div>\n        <\/div>\n            <div class=\"kksr-star\" style=\"padding-right: 5px\">\n            \n\n<div class=\"kksr-icon\" style=\"width: 24px; height: 24px;\"><\/div>\n        <\/div>\n    <\/div>\n<\/div>\n                \n\n<div class=\"kksr-legend\" style=\"font-size: 19.2px;\">\n            <span class=\"kksr-muted\">Rate this post<\/span>\n    <\/div>\n    <\/div>\n","protected":false},"excerpt":{"rendered":"<p>Zastanawiasz si\u0119, czy roczna inwentaryzacja mo\u017ce zosta\u0107 uj\u0119ta w zaliczce na podatek dochodowy za grudzie\u0144?&nbsp; Zapraszam Ci\u0119 do artyku\u0142u przygotowanego przez Ani\u0119 Ma\u0142eck\u0105, wieloletniego praktyka rachunkowo\u015bci, w kt\u00f3rym wyja\u015bnia t\u0119 kwesti\u0119. Inwentaryzacja roczna a zaliczka za grudzie\u0144 Dzisiaj up\u0142ywa termin wp\u0142aty zaliczki na podatek dochodowy od os\u00f3b fizycznych za grudzie\u0144 2023 roku. Rocznym obowi\u0105zkiem podatnika [&hellip;]<\/p>\n","protected":false},"author":4,"featured_media":3157,"comment_status":"open","ping_status":"open","sticky":false,"template":"","format":"standard","meta":{"footnotes":""},"categories":[10],"tags":[46],"class_list":["post-3155","post","type-post","status-publish","format-standard","has-post-thumbnail","hentry","category-podatki","tag-pit"],"aioseo_notices":[],"_links":{"self":[{"href":"https:\/\/kursy-rachunkowosci.pl\/blog\/wp-json\/wp\/v2\/posts\/3155","targetHints":{"allow":["GET"]}}],"collection":[{"href":"https:\/\/kursy-rachunkowosci.pl\/blog\/wp-json\/wp\/v2\/posts"}],"about":[{"href":"https:\/\/kursy-rachunkowosci.pl\/blog\/wp-json\/wp\/v2\/types\/post"}],"author":[{"embeddable":true,"href":"https:\/\/kursy-rachunkowosci.pl\/blog\/wp-json\/wp\/v2\/users\/4"}],"replies":[{"embeddable":true,"href":"https:\/\/kursy-rachunkowosci.pl\/blog\/wp-json\/wp\/v2\/comments?post=3155"}],"version-history":[{"count":6,"href":"https:\/\/kursy-rachunkowosci.pl\/blog\/wp-json\/wp\/v2\/posts\/3155\/revisions"}],"predecessor-version":[{"id":4354,"href":"https:\/\/kursy-rachunkowosci.pl\/blog\/wp-json\/wp\/v2\/posts\/3155\/revisions\/4354"}],"wp:featuredmedia":[{"embeddable":true,"href":"https:\/\/kursy-rachunkowosci.pl\/blog\/wp-json\/wp\/v2\/media\/3157"}],"wp:attachment":[{"href":"https:\/\/kursy-rachunkowosci.pl\/blog\/wp-json\/wp\/v2\/media?parent=3155"}],"wp:term":[{"taxonomy":"category","embeddable":true,"href":"https:\/\/kursy-rachunkowosci.pl\/blog\/wp-json\/wp\/v2\/categories?post=3155"},{"taxonomy":"post_tag","embeddable":true,"href":"https:\/\/kursy-rachunkowosci.pl\/blog\/wp-json\/wp\/v2\/tags?post=3155"}],"curies":[{"name":"wp","href":"https:\/\/api.w.org\/{rel}","templated":true}]}}