	  
{"id":2133,"date":"2022-10-24T05:00:00","date_gmt":"2022-10-24T03:00:00","guid":{"rendered":"https:\/\/kursy-rachunkowosci.pl\/blog\/?p=2133"},"modified":"2025-02-26T11:53:21","modified_gmt":"2025-02-26T10:53:21","slug":"jak-ujac-import-uslug-w-ksiegach","status":"publish","type":"post","link":"https:\/\/kursy-rachunkowosci.pl\/blog\/jak-ujac-import-uslug-w-ksiegach\/","title":{"rendered":"Jak uj\u0105\u0107 import us\u0142ug w ksi\u0119gach?"},"content":{"rendered":"\n<p>Otrzyma\u0142e\u015b do zaksi\u0119gowania faktur\u0119 z Facebooka? A mo\u017ce od innego kontrahenta zagranicznego, kt\u00f3ry na rzecz Twojego klienta \u015bwiadczy\u0142 us\u0142ugi?<\/p>\n\n\n\n<p>Nie wiesz, jak uj\u0105\u0107 taki wydatek w ksi\u0119gach?<\/p>\n\n\n\n<p>Zapraszam do artyku\u0142u poni\u017cej, w kt\u00f3rym Anna Ma\u0142ecka, wieloletni praktyk rachunkowo\u015bci wyja\u015bni, jak poprawnie uj\u0105\u0107 taki wydatek w ksi\u0119gach handlowych na gruncie UoR, CIT oraz VAT.<\/p>\n\n\n\n<hr class=\"wp-block-separator has-alpha-channel-opacity is-style-wide\"\/>\n\n\n\n<div style=\"height:20px\" aria-hidden=\"true\" class=\"wp-block-spacer\"><\/div>\n\n\n\n<h3 class=\"wp-block-heading\">Pos\u0142uchaj:<\/h3>\n\n\n\n<iframe loading=\"lazy\" src=\"https:\/\/widget.spreaker.com\/player?episode_id=51669647&amp;theme=light&amp;playlist=false&amp;playlist-continuous=false&amp;chapters-image=true&amp;episode_image_position=right&amp;hide-logo=false&amp;hide-likes=false&amp;hide-comments=false&amp;hide-sharing=false&amp;hide-download=true\" width=\"100%\" height=\"200px\" frameborder=\"0\"><\/iframe>\n\n\n\n<h3 class=\"wp-block-heading\"><strong>Kiedy mamy do czynienia z importem us\u0142ug?<\/strong><\/h3>\n\n\n\n<div style=\"height:20px\" aria-hidden=\"true\" class=\"wp-block-spacer\"><\/div>\n\n\n\n<p>Zacznijmy od definicji importu us\u0142ug.<\/p>\n\n\n\n<div style=\"height:20px\" aria-hidden=\"true\" class=\"wp-block-spacer\"><\/div>\n\n\n\n<h3 class=\"wp-block-heading\"><strong>Import us\u0142ug na gruncie ustawy o VAT<\/strong><\/h3>\n\n\n\n<div style=\"height:20px\" aria-hidden=\"true\" class=\"wp-block-spacer\"><\/div>\n\n\n\n<p>Tak naprawd\u0119 import us\u0142ug jest zdefiniowany tylko w ustawie o VAT \u2013 ustawa o CIT oraz UOR nie pos\u0142uguj\u0105 si\u0119 tym poj\u0119ciem.&nbsp;<\/p>\n\n\n\n<p><strong>Import us\u0142ug<\/strong> to transakcja, kt\u00f3rej przedmiotem s\u0105 us\u0142ugi wykonywane przez zagraniczny podmiot, gdzie miejscem \u015bwiadczenia us\u0142ug jest terytorium Polski, a podmiot \u015bwiadcz\u0105cy us\u0142ugi nie posiada w Polsce siedziby, ani sta\u0142ego miejsca wykonywania dzia\u0142alno\u015bci oraz nie jest zarejestrowany w Polsce, jako czynny podatnik VAT.<\/p>\n\n\n\n<p>Obowi\u0105zek podatkowy w przypadku importu us\u0142ug powstaje na tych samych zasadach, co w przypadku transakcji krajowych, tak wi\u0119c za moment powstania obowi\u0105zku podatkowego uznaje si\u0119 moment wykonania us\u0142ugi.<\/p>\n\n\n\n<p>Podstawa opodatkowania przy imporcie us\u0142ug r\u00f3wnie\u017c jest okre\u015blana na zasadach og\u00f3lnych, tak wi\u0119c podstaw\u0119 opodatkowania stanowi wszystko to, co stanowi zap\u0142at\u0119, kt\u00f3r\u0105 us\u0142ugodawca otrzyma\u0142 lub ma otrzyma\u0107.&nbsp;<\/p>\n\n\n\n<p>Od tak obliczonej podstawy podatnik nalicza podatek VAT wed\u0142ug stawki w\u0142a\u015bciwej dla przepis\u00f3w krajowych i jednocze\u015bnie mo\u017ce go odliczy\u0107, o ile ma do tego prawo (zasady og\u00f3lne odliczania VAT).<\/p>\n\n\n\n<p>Co wa\u017cne, podmiotem odpowiedzialnym za rozliczenie podatku VAT z tytu\u0142u importu us\u0142ug jest w wi\u0119kszo\u015bci przypadk\u00f3w nabywca us\u0142ug (zgodnie z art. 28b ustawy o VAT), kt\u00f3ry ma obowi\u0105zek naliczy\u0107 i odprowadzi\u0107 podatek do Urz\u0119du Skarbowego.&nbsp;<\/p>\n\n\n\n<p>Jednocze\u015bnie nabywca mo\u017ce dokona\u0107 odliczenia podatku na zasadach og\u00f3lnych.&nbsp;<\/p>\n\n\n\n<p>Co do zasady transakcja ta b\u0119dzie neutralna podatkowo, o ile nabywca nie prowadzi r\u00f3wnocze\u015bnie dzia\u0142alno\u015bci opodatkowanej i zwolnionej \u2013 wtedy VAT naliczony podlega\u0142by odliczeniu tylko w proporcji do wykonywanej dzia\u0142alno\u015bci opodatkowanej VAT.<\/p>\n\n\n\n<p>Od ww. zasady oczywi\u015bcie na gruncie ustawy o VAT mamy wyj\u0105tki, gdy import us\u0142ug jest rozliczany inaczej, ale tymi przypadkami na ten moment nie b\u0119dziemy si\u0119 zajmowa\u0107 (mo\u017cesz si\u0119 z nimi zapozna\u0107 w ramach art. 28d \u2013 28n).<\/p>\n\n\n\n<div style=\"height:20px\" aria-hidden=\"true\" class=\"wp-block-spacer\"><\/div>\n\n\n\n<h3 class=\"wp-block-heading\"><strong>A co na to ustawa o CIT?<\/strong><\/h3>\n\n\n\n<div style=\"height:20px\" aria-hidden=\"true\" class=\"wp-block-spacer\"><\/div>\n\n\n\n<p>Je\u017celi chodzi o CIT to tak, jak w przypadku wydatk\u00f3w krajowych musimy zbada\u0107 zwi\u0105zek wydatku z przychodami.<\/p>\n\n\n\n<p>O ile wydatek s\u0142u\u017cy uzyskaniu przychodu b\u0105d\u017a zachowaniu \u017ar\u00f3d\u0142a przychodu i nie nale\u017cy do wydatk\u00f3w wykluczonych wprost przez ustaw\u0119 o CIT z katalogu koszt\u00f3w uzyskania przychod\u00f3w (art. 16 ust.1 ustawy o CIT), to b\u0119dzie on stanowi\u0142 koszt podatkowy.<\/p>\n\n\n\n<p>Dodatkowo okre\u015blaj\u0105c zwi\u0105zek koszt\u00f3w z przychodami, b\u0119dziemy mogli ustali\u0107 moment potr\u0105cenia kosztu.<\/p>\n\n\n\n<p>W sytuacji, gdy wydatek b\u0119dzie mia\u0142 charakter og\u00f3lny i nie b\u0119dzie mo\u017cna przypisa\u0107 go do konkretnego przychodu, b\u0119dzie stanowi\u0142 on koszt po\u015bredni, potr\u0105cany w dacie uj\u0119cia w ksi\u0119gach. Wyj\u0105tek stanowi\u0105 wydatki, kt\u00f3re dotycz\u0105 okresu przekraczaj\u0105cego rok podatkowy, w\u00f3wczas nale\u017cy je podzieli\u0107 proporcjonalnie do okresu, kt\u00f3rego dotycz\u0105.&nbsp;<\/p>\n\n\n\n<p>W momencie, gdy wydatek powi\u0105\u017cemy z konkretnym przychodem, b\u0119dzie stanowi\u0142 on koszt bezpo\u015bredni, kt\u00f3ry musi by\u0107 potr\u0105cony w roku podatkowym, w kt\u00f3rym powsta\u0142 zwi\u0105zany z nim przych\u00f3d.<\/p>\n\n\n\n<div style=\"height:20px\" aria-hidden=\"true\" class=\"wp-block-spacer\"><\/div>\n\n\n\n<h3 class=\"wp-block-heading\"><strong>Jak zaksi\u0119gowa\u0107 wydatki zgodnie z UOR?<\/strong><\/h3>\n\n\n\n<div style=\"height:20px\" aria-hidden=\"true\" class=\"wp-block-spacer\"><\/div>\n\n\n\n<p>W przypadku ustawy o rachunkowo\u015bci tak samo, jak w przypadku wydatk\u00f3w krajowych wa\u017cna jest klasyfikacja wydatku do:<\/p>\n\n\n\n<ul class=\"wp-block-list\">\n<li><strong><em>koszt\u00f3w dzia\u0142alno\u015bci operacyjnej,&nbsp;<\/em><\/strong><\/li>\n\n\n\n<li><strong><em>pozosta\u0142ych koszt\u00f3w operacyjnych l<\/em><\/strong><\/li>\n\n\n\n<li><strong><em>lub koszt\u00f3w finansowych.&nbsp;<\/em><\/strong><\/li>\n<\/ul>\n\n\n\n<p>Takie same zasady obowi\u0105zuj\u0105 r\u00f3wnie\u017c, je\u015bli chodzi o moment uj\u0119cia wydatku w ksi\u0119gach \u2013 je\u017celi otrzymamy faktur\u0119 do momentu zamkni\u0119cia miesi\u0105ca, to mo\u017cna j\u0105 zaksi\u0119gowa\u0107 w miesi\u0105cu, kt\u00f3rego dotyczy. Je\u017celi faktura wp\u0142ynie do nas z op\u00f3\u017anieniem i ju\u017c zd\u0105\u017cymy zamkn\u0105\u0107 miesi\u0105c, to ujmiemy j\u0105 w ksi\u0119gach na zasadach og\u00f3lnych, a wi\u0119c w momencie otrzymania.<\/p>\n\n\n\n<div style=\"height:20px\" aria-hidden=\"true\" class=\"wp-block-spacer\"><\/div>\n\n\n\n<h3 class=\"wp-block-heading\"><strong>Czas na przyk\u0142ad \ud83d\ude0a<\/strong><\/h3>\n\n\n\n<div style=\"height:20px\" aria-hidden=\"true\" class=\"wp-block-spacer\"><\/div>\n\n\n\n<p><em>Wyobra\u017a sobie, \u017ce prowadzisz ksi\u0119gowo\u015b\u0107 sp\u00f3\u0142ki z o.o. Sp\u00f3\u0142ka Alfa sp. z o.o., b\u0119d\u0105ca czynnym podatnikiem VAT prowadz\u0105ca wy\u0142\u0105cznie sprzeda\u017c opodatkowan\u0105, zleci\u0142a niemieckiemu podmiotowi zbadanie rynku zbytu dla swoich produkt\u00f3w na terenie Niemiec. Wykonawca us\u0142ug jest zarejestrowany, jako czynny podatnik VAT i nie posiada siedziby ani sta\u0142ego miejsca wykonywania dzia\u0142alno\u015bci na terenie Polski. Faktura za us\u0142ug\u0119, w kwocie 10 000 z\u0142, zosta\u0142a wystawiona w dniu 01.09.2022 roku, zap\u0142acona 02.09.2022, a us\u0142uga wykonana 23.09.2022 roku.&nbsp;<\/em><\/p>\n\n\n\n<div style=\"height:20px\" aria-hidden=\"true\" class=\"wp-block-spacer\"><\/div>\n\n\n\n<h3 class=\"wp-block-heading\"><strong>Zaczynamy analiz\u0119 przyk\u0142adu od podatku VAT.<\/strong><\/h3>\n\n\n\n<div style=\"height:20px\" aria-hidden=\"true\" class=\"wp-block-spacer\"><\/div>\n\n\n\n<p>Transakcja z przyk\u0142adu b\u0119dzie zakwalifikowana, jako import us\u0142ug rozliczany zgodnie z art. 28b ustawy o VAT &#8211; odbiorc\u0105 us\u0142ug jest polski podatnik VAT, wykonawc\u0105 jest podatnik VAT zarejestrowany na terenie Niemiec, a miejscem \u015bwiadczenia us\u0142ug jest terytorium Polski, wi\u0119c wszystkie warunki s\u0105 spe\u0142nione.&nbsp;<\/p>\n\n\n\n<p>Obowi\u0105zek podatkowy powstanie na zasadach og\u00f3lnych, a wi\u0119c w tym przypadku w momencie p\u0142atno\u015bci za faktur\u0119, poniewa\u017c jest ona op\u0142acona jeszcze przed wykonaniem us\u0142ugi.&nbsp;<\/p>\n\n\n\n<p>Stawka podatku VAT w przypadku us\u0142ug doradczych to 23%, tak wi\u0119c trzeba naliczy\u0107 podatek VAT w wysoko\u015bci 2300,00 z\u0142. Jednocze\u015bnie Sp\u00f3\u0142ka mo\u017ce odliczy\u0107 podatek VAT w&nbsp; ca\u0142o\u015bci \u2013 wydatek s\u0142u\u017cy sprzeda\u017cy opodatkowanej, a ustawa o VAT nie ogranicza odliczenia od wydatk\u00f3w tego typu.&nbsp;<\/p>\n\n\n\n<p>Co do CIT to Sp\u00f3\u0142ka poszukuje nowych rynk\u00f3w zbytu, wi\u0119c zwi\u0105zek z przychodami jest uzasadniony i wydatek ten b\u0119dzie stanowi\u0142 koszt uzyskania przychodu.&nbsp;<\/p>\n\n\n\n<p>Nast\u0119pnie nale\u017cy okre\u015bli\u0107, czy jest to koszt bezpo\u015bredni, czy po\u015bredni. W tym przypadku nie mo\u017cemy wskaza\u0107 konkretnego przychodu, z kt\u00f3rym powi\u0105\u017cemy wydatek, wi\u0119c b\u0119dzie to koszt po\u015bredni, potr\u0105cany w dacie uj\u0119cia wydatku w ksi\u0119gach, a wi\u0119c 23.09.2022.<\/p>\n\n\n\n<div style=\"height:20px\" aria-hidden=\"true\" class=\"wp-block-spacer\"><\/div>\n\n\n\n<h3 class=\"wp-block-heading\"><strong>A jak uj\u0105\u0107 t\u0119 transakcj\u0119 w ksi\u0119gach rachunkowych?<\/strong><\/h3>\n\n\n\n<div style=\"height:20px\" aria-hidden=\"true\" class=\"wp-block-spacer\"><\/div>\n\n\n\n<p><\/p>\n\n\n\n<p>Faktura zosta\u0142a wystawiona 01.09.2022 roku, jednak us\u0142uga zosta\u0142a wykonana dopiero 23.09.2022 roku.&nbsp;<\/p>\n\n\n\n<p>Wr\u00f3c\u0119 tutaj do <a href=\"https:\/\/kursy-rachunkowosci.pl\/blog\/filar-ksiegowosci-zasada-memorialowa\/\">zasady memoria\u0142u<\/a> \u2013 wydatki uwa\u017ca si\u0119 za poniesione w momencie ich wyst\u0105pienia, a wi\u0119c w momencie wykonania us\u0142ugi b\u0105d\u017a wydania towaru. W naszym przypadku dok\u0142adnie 23.09.2022 roku. Nie ma znaczenia, \u017ce faktura zosta\u0142a wystawiona wcze\u015bniej, ani fakt jej op\u0142acenia.&nbsp;<\/p>\n\n\n\n<p>Ponownie musimy zaklasyfikowa\u0107 wydatek do odpowiedniej kategorii koszt\u00f3w.&nbsp;<\/p>\n\n\n\n<p>Sp\u00f3\u0142ka poszukuje nowych rynk\u00f3w zbytu dla swoich produkt\u00f3w, wi\u0119c mo\u017cna uzna\u0107, \u017ce s\u0105 to koszty dzia\u0142alno\u015bci podstawowej. W zwi\u0105zku z tym ujm\u0119 transakcj\u0119 na kontach zespo\u0142u \u201e4\u201d pozosta\u0142e us\u0142ugi obce, w analityce doradztwo.&nbsp;<\/p>\n\n\n\n<p>Praktyka ksi\u0119gowych jest taka, \u017ce konta ksi\u0119gowe s\u0142u\u017c\u0105ce do ewidencji koszt\u00f3w niepodatkowych s\u0105 oznaczane, jako niepodatkowe (NKUP), aby mo\u017cna je w \u0142atwy spos\u00f3b rozpozna\u0107 i nie uwzgl\u0119dnia\u0107 w kalkulacji podatku, a wszystkie pozosta\u0142e&nbsp; (bez oznaczenia NKUP) s\u0105 traktowane jako konta podatkowe.&nbsp;<\/p>\n\n\n\n<p>Jak ju\u017c ustalili\u015bmy, wydatek z naszego przyk\u0142adu jest kosztem podatkowym, wi\u0119c konto ksi\u0119gowe, na kt\u00f3rym go ujm\u0119 nie b\u0119dzie zawiera\u0142o dodatkowych oznacze\u0144.<\/p>\n\n\n\n<p>Poni\u017cej przedstawiam dekretacj\u0119.&nbsp;<\/p>\n\n\n\n<div style=\"height:20px\" aria-hidden=\"true\" class=\"wp-block-spacer\"><\/div>\n\n\n\n<figure class=\"wp-block-image size-full\"><img loading=\"lazy\" decoding=\"async\" width=\"2374\" height=\"268\" src=\"https:\/\/kursy-rachunkowosci.pl\/blog\/wp-content\/uploads\/2022\/10\/Dekretacja-prrzykladu-uje\u0328cia-importu-uslug-w-ksie\u0328gach-MENTORIS.png\" alt=\"Dekretacja prrzyk\u0142adu uje\u0328cia importu us\u0142ug w ksie\u0328gach MENTORIS\" class=\"wp-image-2139\" srcset=\"https:\/\/kursy-rachunkowosci.pl\/blog\/wp-content\/uploads\/2022\/10\/Dekretacja-prrzykladu-uje\u0328cia-importu-uslug-w-ksie\u0328gach-MENTORIS.png 2374w, https:\/\/kursy-rachunkowosci.pl\/blog\/wp-content\/uploads\/2022\/10\/Dekretacja-prrzykladu-uje\u0328cia-importu-uslug-w-ksie\u0328gach-MENTORIS-300x34.png 300w, https:\/\/kursy-rachunkowosci.pl\/blog\/wp-content\/uploads\/2022\/10\/Dekretacja-prrzykladu-uje\u0328cia-importu-uslug-w-ksie\u0328gach-MENTORIS-1024x116.png 1024w, https:\/\/kursy-rachunkowosci.pl\/blog\/wp-content\/uploads\/2022\/10\/Dekretacja-prrzykladu-uje\u0328cia-importu-uslug-w-ksie\u0328gach-MENTORIS-768x87.png 768w, https:\/\/kursy-rachunkowosci.pl\/blog\/wp-content\/uploads\/2022\/10\/Dekretacja-prrzykladu-uje\u0328cia-importu-uslug-w-ksie\u0328gach-MENTORIS-1536x173.png 1536w, https:\/\/kursy-rachunkowosci.pl\/blog\/wp-content\/uploads\/2022\/10\/Dekretacja-prrzykladu-uje\u0328cia-importu-uslug-w-ksie\u0328gach-MENTORIS-2048x231.png 2048w, https:\/\/kursy-rachunkowosci.pl\/blog\/wp-content\/uploads\/2022\/10\/Dekretacja-prrzykladu-uje\u0328cia-importu-uslug-w-ksie\u0328gach-MENTORIS-610x69.png 610w\" sizes=\"auto, (max-width: 2374px) 100vw, 2374px\" \/><\/figure>\n\n\n\n<div style=\"height:76px\" aria-hidden=\"true\" class=\"wp-block-spacer\"><\/div>\n\n\n\n<figure class=\"wp-block-image size-full\"><a href=\"https:\/\/kursy-rachunkowosci.pl\/webinary\/jak-sprawnie-ksiegowac-na-comarch-optima-i-unikac-bledow?utm_source=blog&amp;utm_medium=click&amp;utm_campaign=Jak+uj%C4%85%C4%87+import+us%C5%82ug+w+ksi%C4%99gach%3F\" target=\"_blank\" rel=\"noreferrer noopener\"><img loading=\"lazy\" decoding=\"async\" width=\"1280\" height=\"500\" src=\"https:\/\/kursy-rachunkowosci.pl\/blog\/wp-content\/uploads\/2022\/10\/WEBINAR-MENTORIS-Ksie\u0328gowos\u0301c\u0301-pelna-w-praktyce-przyklady-na-programie-ksie\u0328gowym-Comarch-Optima.png\" alt=\"WEBINAR MENTORIS Ksie\u0328gowos\u0301c\u0301 pe\u0142na w praktyce - przyk\u0142ady na programie ksie\u0328gowym Comarch Optima\" class=\"wp-image-2163\" srcset=\"https:\/\/kursy-rachunkowosci.pl\/blog\/wp-content\/uploads\/2022\/10\/WEBINAR-MENTORIS-Ksie\u0328gowos\u0301c\u0301-pelna-w-praktyce-przyklady-na-programie-ksie\u0328gowym-Comarch-Optima.png 1280w, https:\/\/kursy-rachunkowosci.pl\/blog\/wp-content\/uploads\/2022\/10\/WEBINAR-MENTORIS-Ksie\u0328gowos\u0301c\u0301-pelna-w-praktyce-przyklady-na-programie-ksie\u0328gowym-Comarch-Optima-300x117.png 300w, https:\/\/kursy-rachunkowosci.pl\/blog\/wp-content\/uploads\/2022\/10\/WEBINAR-MENTORIS-Ksie\u0328gowos\u0301c\u0301-pelna-w-praktyce-przyklady-na-programie-ksie\u0328gowym-Comarch-Optima-1024x400.png 1024w, https:\/\/kursy-rachunkowosci.pl\/blog\/wp-content\/uploads\/2022\/10\/WEBINAR-MENTORIS-Ksie\u0328gowos\u0301c\u0301-pelna-w-praktyce-przyklady-na-programie-ksie\u0328gowym-Comarch-Optima-768x300.png 768w, https:\/\/kursy-rachunkowosci.pl\/blog\/wp-content\/uploads\/2022\/10\/WEBINAR-MENTORIS-Ksie\u0328gowos\u0301c\u0301-pelna-w-praktyce-przyklady-na-programie-ksie\u0328gowym-Comarch-Optima-610x238.png 610w\" sizes=\"auto, (max-width: 1280px) 100vw, 1280px\" \/><\/a><\/figure>\n\n\n\n<div style=\"height:40px\" aria-hidden=\"true\" class=\"wp-block-spacer\"><\/div>\n\n\n\n<p><\/p>\n\n\n<div class=\"kk-star-ratings kksr-auto kksr-align-left kksr-valign-bottom\"\n    data-payload='{&quot;align&quot;:&quot;left&quot;,&quot;id&quot;:&quot;2133&quot;,&quot;slug&quot;:&quot;default&quot;,&quot;valign&quot;:&quot;bottom&quot;,&quot;ignore&quot;:&quot;&quot;,&quot;reference&quot;:&quot;auto&quot;,&quot;class&quot;:&quot;&quot;,&quot;count&quot;:&quot;2&quot;,&quot;legendonly&quot;:&quot;&quot;,&quot;readonly&quot;:&quot;&quot;,&quot;score&quot;:&quot;5&quot;,&quot;starsonly&quot;:&quot;&quot;,&quot;best&quot;:&quot;5&quot;,&quot;gap&quot;:&quot;5&quot;,&quot;greet&quot;:&quot;Rate this post&quot;,&quot;legend&quot;:&quot;5\\\/5 - (2 votes)&quot;,&quot;size&quot;:&quot;24&quot;,&quot;title&quot;:&quot;Jak uj\u0105\u0107 import us\u0142ug w ksi\u0119gach?&quot;,&quot;width&quot;:&quot;142.5&quot;,&quot;_legend&quot;:&quot;{score}\\\/{best} - ({count} {votes})&quot;,&quot;font_factor&quot;:&quot;1.25&quot;}'>\n            \n<div class=\"kksr-stars\">\n    \n<div class=\"kksr-stars-inactive\">\n            <div class=\"kksr-star\" data-star=\"1\" style=\"padding-right: 5px\">\n            \n\n<div class=\"kksr-icon\" style=\"width: 24px; height: 24px;\"><\/div>\n        <\/div>\n            <div class=\"kksr-star\" data-star=\"2\" style=\"padding-right: 5px\">\n            \n\n<div class=\"kksr-icon\" style=\"width: 24px; height: 24px;\"><\/div>\n        <\/div>\n            <div class=\"kksr-star\" data-star=\"3\" style=\"padding-right: 5px\">\n            \n\n<div class=\"kksr-icon\" style=\"width: 24px; height: 24px;\"><\/div>\n        <\/div>\n            <div class=\"kksr-star\" data-star=\"4\" style=\"padding-right: 5px\">\n            \n\n<div class=\"kksr-icon\" style=\"width: 24px; height: 24px;\"><\/div>\n        <\/div>\n            <div class=\"kksr-star\" data-star=\"5\" style=\"padding-right: 5px\">\n            \n\n<div class=\"kksr-icon\" style=\"width: 24px; height: 24px;\"><\/div>\n        <\/div>\n    <\/div>\n    \n<div class=\"kksr-stars-active\" style=\"width: 142.5px;\">\n            <div class=\"kksr-star\" style=\"padding-right: 5px\">\n            \n\n<div class=\"kksr-icon\" style=\"width: 24px; height: 24px;\"><\/div>\n        <\/div>\n            <div class=\"kksr-star\" style=\"padding-right: 5px\">\n            \n\n<div class=\"kksr-icon\" style=\"width: 24px; height: 24px;\"><\/div>\n        <\/div>\n            <div class=\"kksr-star\" style=\"padding-right: 5px\">\n            \n\n<div class=\"kksr-icon\" style=\"width: 24px; height: 24px;\"><\/div>\n        <\/div>\n            <div class=\"kksr-star\" style=\"padding-right: 5px\">\n            \n\n<div class=\"kksr-icon\" style=\"width: 24px; height: 24px;\"><\/div>\n        <\/div>\n            <div class=\"kksr-star\" style=\"padding-right: 5px\">\n            \n\n<div class=\"kksr-icon\" style=\"width: 24px; height: 24px;\"><\/div>\n        <\/div>\n    <\/div>\n<\/div>\n                \n\n<div class=\"kksr-legend\" style=\"font-size: 19.2px;\">\n            5\/5 - (2 votes)    <\/div>\n    <\/div>\n","protected":false},"excerpt":{"rendered":"<p>Otrzyma\u0142e\u015b do zaksi\u0119gowania faktur\u0119 z Facebooka? A mo\u017ce od innego kontrahenta zagranicznego, kt\u00f3ry na rzecz Twojego klienta \u015bwiadczy\u0142 us\u0142ugi? Nie wiesz, jak uj\u0105\u0107 taki wydatek w ksi\u0119gach? Zapraszam do artyku\u0142u poni\u017cej, w kt\u00f3rym Anna Ma\u0142ecka, wieloletni praktyk rachunkowo\u015bci wyja\u015bni, jak poprawnie uj\u0105\u0107 taki wydatek w ksi\u0119gach handlowych na gruncie UoR, CIT oraz VAT. Pos\u0142uchaj: Kiedy [&hellip;]<\/p>\n","protected":false},"author":4,"featured_media":2137,"comment_status":"open","ping_status":"open","sticky":false,"template":"","format":"standard","meta":{"footnotes":""},"categories":[132],"tags":[],"class_list":["post-2133","post","type-post","status-publish","format-standard","has-post-thumbnail","hentry","category-zagwozdki-ksiegowe"],"aioseo_notices":[],"_links":{"self":[{"href":"https:\/\/kursy-rachunkowosci.pl\/blog\/wp-json\/wp\/v2\/posts\/2133","targetHints":{"allow":["GET"]}}],"collection":[{"href":"https:\/\/kursy-rachunkowosci.pl\/blog\/wp-json\/wp\/v2\/posts"}],"about":[{"href":"https:\/\/kursy-rachunkowosci.pl\/blog\/wp-json\/wp\/v2\/types\/post"}],"author":[{"embeddable":true,"href":"https:\/\/kursy-rachunkowosci.pl\/blog\/wp-json\/wp\/v2\/users\/4"}],"replies":[{"embeddable":true,"href":"https:\/\/kursy-rachunkowosci.pl\/blog\/wp-json\/wp\/v2\/comments?post=2133"}],"version-history":[{"count":15,"href":"https:\/\/kursy-rachunkowosci.pl\/blog\/wp-json\/wp\/v2\/posts\/2133\/revisions"}],"predecessor-version":[{"id":4333,"href":"https:\/\/kursy-rachunkowosci.pl\/blog\/wp-json\/wp\/v2\/posts\/2133\/revisions\/4333"}],"wp:featuredmedia":[{"embeddable":true,"href":"https:\/\/kursy-rachunkowosci.pl\/blog\/wp-json\/wp\/v2\/media\/2137"}],"wp:attachment":[{"href":"https:\/\/kursy-rachunkowosci.pl\/blog\/wp-json\/wp\/v2\/media?parent=2133"}],"wp:term":[{"taxonomy":"category","embeddable":true,"href":"https:\/\/kursy-rachunkowosci.pl\/blog\/wp-json\/wp\/v2\/categories?post=2133"},{"taxonomy":"post_tag","embeddable":true,"href":"https:\/\/kursy-rachunkowosci.pl\/blog\/wp-json\/wp\/v2\/tags?post=2133"}],"curies":[{"name":"wp","href":"https:\/\/api.w.org\/{rel}","templated":true}]}}